{"id":574,"date":"2026-02-19T11:12:50","date_gmt":"2026-02-19T11:12:50","guid":{"rendered":"https:\/\/stadtwerkezeitung.info\/schwedt\/?p=574"},"modified":"2026-02-19T14:26:57","modified_gmt":"2026-02-19T14:26:57","slug":"vom-kuenstleratelier-in-die-flure-der-stadtwerke-schwedt","status":"publish","type":"post","link":"https:\/\/stadtwerkezeitung.info\/schwedt\/2026\/02\/19\/vom-kuenstleratelier-in-die-flure-der-stadtwerke-schwedt\/","title":{"rendered":"Vom K\u00fcnstleratelier in die Flure der Stadtwerke Schwedt"},"content":{"rendered":"<h2>Ausstellung<\/h2>\n<h1>Vom K\u00fcnstleratelier in die Flure der Stadtwerke Schwedt<\/h1>\n<h2>Seit Dezember 2025 sind sie am Firmensitz des Unternehmensverbundes Stadtwerke Schwedt zu bewundern: 35 Bilder, die allesamt Geschenke von Teilnehmern des allj\u00e4hrlichen K\u00fcnstlertreffens in Schwedt waren.<\/h2>\n<ul>\n<li>\n<p>        <img decoding=\"async\" src=\"\/schwedt\/wp-content\/uploads\/sites\/5\/2026\/02\/110_Bild_2_MG_2274-scaled.jpg\" alt=\"\"><\/p>\n<\/li>\n<li>\n<p>        <img decoding=\"async\" src=\"\/schwedt\/wp-content\/uploads\/sites\/5\/2026\/02\/110_Bild_3_MG_2273-scaled.jpg\" alt=\"\"><\/p>\n<\/li>\n<li>\n<p>        <img decoding=\"async\" src=\"\/schwedt\/wp-content\/uploads\/sites\/5\/2026\/02\/110_Bild_4_MG_2281-scaled.jpg\" alt=\"\"><\/p>\n<\/li>\n<\/ul>\n<div>\n<p><em><small> Fotos (3): SPREE-PR\/Petsch<\/small><\/em><\/p>\n<\/div>\n<div>Jedes Jahr im Sommer wird unsere Stadt etwas bunter und internationaler. F\u00fcr jeweils zwei Wochen sind dann 10 K\u00fcnstlerinnen und K\u00fcnstler unter dem Motto \u201aK\u00fcnstler erleben den Nationalpark Unteres Odertal\u2019 eingeladen, ihre Sichtweisen k\u00fcnstlerisch umzusetzen\u201c, so Christiane Wenzel vom Kunstverein Schwedt e.V. Ein Kunstwerk \u00fcbergeben die K\u00fcnstler dem Verein als Dankesch\u00f6n f\u00fcr Unterkunft, Verk\u00f6stigung, Rahmenprogramm und einen Arbeitsplatz in der Galerie am Kietz w\u00e4hrend der Schaffensphase. Eine Auswahl dieser Malereien und Grafiken aus 20 Jahren Internationalem Landschaftspleinair stellt der Kunstverein Schwedt e.V. bis Ende 2026 bei den Stadtwerken Schwedt aus.<\/div>\n<p><!--more--><br \/>\n<!-- {\"type\":\"layout\",\"children\":[{\"type\":\"section\",\"props\":{\"image_position\":\"center-center\",\"padding_top\":\"none\",\"style\":\"default\",\"title_breakpoint\":\"xl\",\"title_position\":\"top-left\",\"title_rotation\":\"left\",\"vertical_align\":\"\",\"width\":\"small\"},\"children\":[{\"type\":\"row\",\"children\":[{\"type\":\"column\",\"props\":{\"image_position\":\"center-center\",\"position_sticky_breakpoint\":\"m\"},\"children\":[{\"type\":\"headline\",\"props\":{\"content\":\"Ausstellung\",\"image_align\":\"left\",\"image_margin\":\"xsmall\",\"margin_bottom\":\"small\",\"margin_top\":\"small\",\"title_element\":\"h2\",\"title_style\":\"h6\"}},{\"type\":\"headline\",\"props\":{\"content\":\"Vom K\u00fcnstleratelier in die Flure der Stadtwerke Schwedt\",\"image_align\":\"left\",\"image_margin\":\"xsmall\",\"margin_bottom\":\"small\",\"margin_top\":\"small\",\"title_element\":\"h1\",\"title_style\":\"h2\"}},{\"type\":\"headline\",\"props\":{\"content\":\"Seit Dezember 2025 sind sie am Firmensitz des Unternehmensverbundes Stadtwerke Schwedt zu bewundern: 35 Bilder, die allesamt Geschenke von Teilnehmern des allj\u00e4hrlichen K\u00fcnstlertreffens in Schwedt waren.\",\"image_align\":\"left\",\"image_margin\":\"xsmall\",\"margin_bottom\":\"small\",\"margin_top\":\"small\",\"title_element\":\"h2\",\"title_style\":\"text-lead\"}},{\"type\":\"slideshow\",\"props\":{\"link_style\":\"default\",\"link_text\":\"Read more\",\"margin_bottom\":\"default\",\"margin_top\":\"default\",\"meta_align\":\"below-title\",\"meta_element\":\"div\",\"meta_style\":\"text-meta\",\"nav\":\"dotnav\",\"nav_align\":\"center\",\"nav_below\":false,\"nav_breakpoint\":\"\",\"nav_position\":\"bottom-center\",\"nav_position_margin\":\"medium\",\"overlay_animation\":\"parallax\",\"overlay_link\":false,\"overlay_position\":\"center-left\",\"show_content\":true,\"show_link\":true,\"show_meta\":true,\"show_thumbnail\":true,\"show_title\":true,\"slidenav\":\"default\",\"slidenav_breakpoint\":\"\",\"slidenav_large\":true,\"slidenav_margin\":\"medium\",\"slidenav_outside_breakpoint\":\"xl\",\"slideshow_autoplay_pause\":true,\"slideshow_min_height\":300,\"thumbnav_height\":\"75\",\"thumbnav_svg_color\":\"emphasis\",\"thumbnav_width\":\"100\",\"title_element\":\"h3\",\"title_hover_style\":\"reset\"},\"children\":[{\"type\":\"slideshow_item\",\"props\":{\"image\":\"wp-content\/uploads\/sites\/5\/2026\/02\/110_Bild_2_MG_2274-scaled.jpg\",\"title\":\"\"}},{\"type\":\"slideshow_item\",\"props\":{\"image\":\"wp-content\/uploads\/sites\/5\/2026\/02\/110_Bild_3_MG_2273-scaled.jpg\",\"title\":\"\"}},{\"type\":\"slideshow_item\",\"props\":{\"image\":\"wp-content\/uploads\/sites\/5\/2026\/02\/110_Bild_4_MG_2281-scaled.jpg\",\"title\":\"\"}}]},{\"type\":\"text\",\"props\":{\"column_breakpoint\":\"m\",\"content\":\"\n\n<p><em><small> Fotos (3): SPREE-PR\/Petsch<\/small><\/em><\/p>\n\n\",\"margin_bottom\":\"default\",\"margin_top\":\"default\"}},{\"type\":\"text\",\"props\":{\"column_breakpoint\":\"m\",\"content\":\"Jedes Jahr im Sommer wird unsere Stadt etwas bunter und internationaler. F\u00fcr jeweils zwei Wochen sind dann 10 K\u00fcnstlerinnen und K\u00fcnstler unter dem Motto \u201aK\u00fcnstler erleben den Nationalpark Unteres Odertal\u2019 eingeladen, ihre Sichtweisen k\u00fcnstlerisch umzusetzen\u201c, so Christiane Wenzel vom Kunstverein Schwedt e.V. Ein Kunstwerk \u00fcbergeben die K\u00fcnstler dem Verein als Dankesch\u00f6n f\u00fcr Unterkunft, Verk\u00f6stigung, Rahmenprogramm und einen Arbeitsplatz in der Galerie am Kietz w\u00e4hrend der Schaffensphase. Eine Auswahl dieser Malereien und Grafiken aus 20 Jahren Internationalem Landschaftspleinair stellt der Kunstverein Schwedt e.V. bis Ende 2026 bei den Stadtwerken Schwedt aus.\",\"margin_bottom\":\"default\",\"margin_top\":\"default\"}}]}]}],\"name\":\"Artikel Format\"}],\"version\":\"5.0.12\"} --><\/p>\n","protected":false},"excerpt":{"rendered":"<p>Ausstellung Vom K\u00fcnstleratelier in die Flure der Stadtwerke Schwedt Seit Dezember 2025 sind sie am Firmensitz des Unternehmensverbundes Stadtwerke Schwedt zu bewundern: 35 Bilder, die allesamt Geschenke von Teilnehmern des allj\u00e4hrlichen K\u00fcnstlertreffens in Schwedt waren. Fotos (3): SPREE-PR\/Petsch Jedes Jahr im Sommer wird unsere Stadt etwas bunter und internationaler. F\u00fcr jeweils zwei Wochen sind dann [&hellip;]<\/p>\n","protected":false},"author":1,"featured_media":578,"comment_status":"open","ping_status":"open","sticky":false,"template":"","format":"standard","meta":{"footnotes":""},"categories":[1],"tags":[],"class_list":["post-574","post","type-post","status-publish","format-standard","has-post-thumbnail","hentry","category-uncategorized"],"yoast_head":"<!-- This site is optimized with the Yoast SEO plugin v26.9 - https:\/\/yoast.com\/product\/yoast-seo-wordpress\/ -->\n<title>Vom K\u00fcnstleratelier in die Flure der Stadtwerke Schwedt - UMschau Schwedt<\/title>\n<meta name=\"description\" content=\"Seit Dezember 2025 sind sie am Firmensitz des Unternehmensverbundes Stadtwerke Schwedt zu bewundern: 35 Bilder, die allesamt Geschenke von Teilnehmern des allj\u00e4hrlichen K\u00fcnstlertreffens in Schwedt waren.\" \/>\n<meta name=\"robots\" content=\"index, follow, max-snippet:-1, max-image-preview:large, max-video-preview:-1\" \/>\n<link rel=\"canonical\" href=\"https:\/\/stadtwerkezeitung.info\/schwedt\/2026\/02\/19\/vom-kuenstleratelier-in-die-flure-der-stadtwerke-schwedt\/\" \/>\n<meta property=\"og:locale\" content=\"en_US\" \/>\n<meta property=\"og:type\" content=\"article\" \/>\n<meta property=\"og:title\" content=\"Vom K\u00fcnstleratelier in die Flure der Stadtwerke Schwedt - UMschau Schwedt\" \/>\n<meta property=\"og:description\" content=\"Seit Dezember 2025 sind sie am Firmensitz des Unternehmensverbundes Stadtwerke Schwedt zu bewundern: 35 Bilder, die allesamt Geschenke von Teilnehmern des allj\u00e4hrlichen K\u00fcnstlertreffens in Schwedt waren.\" \/>\n<meta property=\"og:url\" content=\"https:\/\/stadtwerkezeitung.info\/schwedt\/2026\/02\/19\/vom-kuenstleratelier-in-die-flure-der-stadtwerke-schwedt\/\" \/>\n<meta property=\"og:site_name\" content=\"UMschau Schwedt\" \/>\n<meta property=\"article:published_time\" content=\"2026-02-19T11:12:50+00:00\" \/>\n<meta property=\"article:modified_time\" content=\"2026-02-19T14:26:57+00:00\" \/>\n<meta property=\"og:image\" content=\"https:\/\/stadtwerkezeitung.info\/schwedt\/wp-content\/uploads\/sites\/5\/2026\/02\/110_Teaser_Bild_MG_2258-scaled.jpg\" \/>\n\t<meta property=\"og:image:width\" content=\"2560\" \/>\n\t<meta property=\"og:image:height\" content=\"1577\" \/>\n\t<meta property=\"og:image:type\" content=\"image\/jpeg\" \/>\n<meta name=\"author\" content=\"admin\" \/>\n<meta name=\"twitter:card\" content=\"summary_large_image\" \/>\n<meta name=\"twitter:label1\" content=\"Written by\" \/>\n\t<meta name=\"twitter:data1\" content=\"admin\" \/>\n\t<meta name=\"twitter:label2\" content=\"Est. reading time\" \/>\n\t<meta name=\"twitter:data2\" content=\"2 minutes\" \/>\n<script type=\"application\/ld+json\" class=\"yoast-schema-graph\">{\"@context\":\"https:\/\/schema.org\",\"@graph\":[{\"@type\":\"Article\",\"@id\":\"https:\/\/stadtwerkezeitung.info\/schwedt\/2026\/02\/19\/vom-kuenstleratelier-in-die-flure-der-stadtwerke-schwedt\/#article\",\"isPartOf\":{\"@id\":\"https:\/\/stadtwerkezeitung.info\/schwedt\/2026\/02\/19\/vom-kuenstleratelier-in-die-flure-der-stadtwerke-schwedt\/\"},\"author\":{\"name\":\"admin\",\"@id\":\"https:\/\/stadtwerkezeitung.info\/schwedt\/#\/schema\/person\/acd409dca37d4bb8bf3a1284da7f1ee0\"},\"headline\":\"Vom K\u00fcnstleratelier in die Flure der Stadtwerke Schwedt\",\"datePublished\":\"2026-02-19T11:12:50+00:00\",\"dateModified\":\"2026-02-19T14:26:57+00:00\",\"mainEntityOfPage\":{\"@id\":\"https:\/\/stadtwerkezeitung.info\/schwedt\/2026\/02\/19\/vom-kuenstleratelier-in-die-flure-der-stadtwerke-schwedt\/\"},\"wordCount\":147,\"commentCount\":0,\"image\":{\"@id\":\"https:\/\/stadtwerkezeitung.info\/schwedt\/2026\/02\/19\/vom-kuenstleratelier-in-die-flure-der-stadtwerke-schwedt\/#primaryimage\"},\"thumbnailUrl\":\"https:\/\/stadtwerkezeitung.info\/schwedt\/wp-content\/uploads\/sites\/5\/2026\/02\/110_Teaser_Bild_MG_2258-scaled.jpg\",\"inLanguage\":\"en-US\",\"potentialAction\":[{\"@type\":\"CommentAction\",\"name\":\"Comment\",\"target\":[\"https:\/\/stadtwerkezeitung.info\/schwedt\/2026\/02\/19\/vom-kuenstleratelier-in-die-flure-der-stadtwerke-schwedt\/#respond\"]}]},{\"@type\":\"WebPage\",\"@id\":\"https:\/\/stadtwerkezeitung.info\/schwedt\/2026\/02\/19\/vom-kuenstleratelier-in-die-flure-der-stadtwerke-schwedt\/\",\"url\":\"https:\/\/stadtwerkezeitung.info\/schwedt\/2026\/02\/19\/vom-kuenstleratelier-in-die-flure-der-stadtwerke-schwedt\/\",\"name\":\"Vom K\u00fcnstleratelier in die Flure der Stadtwerke Schwedt - UMschau Schwedt\",\"isPartOf\":{\"@id\":\"https:\/\/stadtwerkezeitung.info\/schwedt\/#website\"},\"primaryImageOfPage\":{\"@id\":\"https:\/\/stadtwerkezeitung.info\/schwedt\/2026\/02\/19\/vom-kuenstleratelier-in-die-flure-der-stadtwerke-schwedt\/#primaryimage\"},\"image\":{\"@id\":\"https:\/\/stadtwerkezeitung.info\/schwedt\/2026\/02\/19\/vom-kuenstleratelier-in-die-flure-der-stadtwerke-schwedt\/#primaryimage\"},\"thumbnailUrl\":\"https:\/\/stadtwerkezeitung.info\/schwedt\/wp-content\/uploads\/sites\/5\/2026\/02\/110_Teaser_Bild_MG_2258-scaled.jpg\",\"datePublished\":\"2026-02-19T11:12:50+00:00\",\"dateModified\":\"2026-02-19T14:26:57+00:00\",\"author\":{\"@id\":\"https:\/\/stadtwerkezeitung.info\/schwedt\/#\/schema\/person\/acd409dca37d4bb8bf3a1284da7f1ee0\"},\"description\":\"Seit Dezember 2025 sind sie am Firmensitz des Unternehmensverbundes Stadtwerke Schwedt zu bewundern: 35 Bilder, die allesamt Geschenke von Teilnehmern des allj\u00e4hrlichen K\u00fcnstlertreffens in Schwedt waren.\",\"breadcrumb\":{\"@id\":\"https:\/\/stadtwerkezeitung.info\/schwedt\/2026\/02\/19\/vom-kuenstleratelier-in-die-flure-der-stadtwerke-schwedt\/#breadcrumb\"},\"inLanguage\":\"en-US\",\"potentialAction\":[{\"@type\":\"ReadAction\",\"target\":[\"https:\/\/stadtwerkezeitung.info\/schwedt\/2026\/02\/19\/vom-kuenstleratelier-in-die-flure-der-stadtwerke-schwedt\/\"]}]},{\"@type\":\"ImageObject\",\"inLanguage\":\"en-US\",\"@id\":\"https:\/\/stadtwerkezeitung.info\/schwedt\/2026\/02\/19\/vom-kuenstleratelier-in-die-flure-der-stadtwerke-schwedt\/#primaryimage\",\"url\":\"https:\/\/stadtwerkezeitung.info\/schwedt\/wp-content\/uploads\/sites\/5\/2026\/02\/110_Teaser_Bild_MG_2258-scaled.jpg\",\"contentUrl\":\"https:\/\/stadtwerkezeitung.info\/schwedt\/wp-content\/uploads\/sites\/5\/2026\/02\/110_Teaser_Bild_MG_2258-scaled.jpg\",\"width\":2560,\"height\":1577},{\"@type\":\"BreadcrumbList\",\"@id\":\"https:\/\/stadtwerkezeitung.info\/schwedt\/2026\/02\/19\/vom-kuenstleratelier-in-die-flure-der-stadtwerke-schwedt\/#breadcrumb\",\"itemListElement\":[{\"@type\":\"ListItem\",\"position\":1,\"name\":\"Home\",\"item\":\"https:\/\/stadtwerkezeitung.info\/schwedt\/\"},{\"@type\":\"ListItem\",\"position\":2,\"name\":\"Vom K\u00fcnstleratelier in die Flure der Stadtwerke Schwedt\"}]},{\"@type\":\"WebSite\",\"@id\":\"https:\/\/stadtwerkezeitung.info\/schwedt\/#website\",\"url\":\"https:\/\/stadtwerkezeitung.info\/schwedt\/\",\"name\":\"UMschau Schwedt\",\"description\":\"\",\"inLanguage\":\"en-US\"},{\"@type\":\"Person\",\"@id\":\"https:\/\/stadtwerkezeitung.info\/schwedt\/#\/schema\/person\/acd409dca37d4bb8bf3a1284da7f1ee0\",\"name\":\"admin\",\"image\":{\"@type\":\"ImageObject\",\"inLanguage\":\"en-US\",\"@id\":\"https:\/\/stadtwerkezeitung.info\/schwedt\/#\/schema\/person\/image\/\",\"url\":\"https:\/\/secure.gravatar.com\/avatar\/52dc0b3340c8087a51f52eaa20dc62cd4a6fe41f5bd886140989db7b572c00cd?s=96&d=mm&r=g\",\"contentUrl\":\"https:\/\/secure.gravatar.com\/avatar\/52dc0b3340c8087a51f52eaa20dc62cd4a6fe41f5bd886140989db7b572c00cd?s=96&d=mm&r=g\",\"caption\":\"admin\"},\"sameAs\":[\"https:\/\/stadtwerkezeitung.info\"]}]}<\/script>\n<!-- \/ Yoast SEO plugin. -->","yoast_head_json":{"title":"Vom K\u00fcnstleratelier in die Flure der Stadtwerke Schwedt - UMschau Schwedt","description":"Seit Dezember 2025 sind sie am Firmensitz des Unternehmensverbundes Stadtwerke Schwedt zu bewundern: 35 Bilder, die allesamt Geschenke von Teilnehmern des allj\u00e4hrlichen K\u00fcnstlertreffens in Schwedt waren.","robots":{"index":"index","follow":"follow","max-snippet":"max-snippet:-1","max-image-preview":"max-image-preview:large","max-video-preview":"max-video-preview:-1"},"canonical":"https:\/\/stadtwerkezeitung.info\/schwedt\/2026\/02\/19\/vom-kuenstleratelier-in-die-flure-der-stadtwerke-schwedt\/","og_locale":"en_US","og_type":"article","og_title":"Vom K\u00fcnstleratelier in die Flure der Stadtwerke Schwedt - UMschau Schwedt","og_description":"Seit Dezember 2025 sind sie am Firmensitz des Unternehmensverbundes Stadtwerke Schwedt zu bewundern: 35 Bilder, die allesamt Geschenke von Teilnehmern des allj\u00e4hrlichen K\u00fcnstlertreffens in Schwedt waren.","og_url":"https:\/\/stadtwerkezeitung.info\/schwedt\/2026\/02\/19\/vom-kuenstleratelier-in-die-flure-der-stadtwerke-schwedt\/","og_site_name":"UMschau Schwedt","article_published_time":"2026-02-19T11:12:50+00:00","article_modified_time":"2026-02-19T14:26:57+00:00","og_image":[{"width":2560,"height":1577,"url":"https:\/\/stadtwerkezeitung.info\/schwedt\/wp-content\/uploads\/sites\/5\/2026\/02\/110_Teaser_Bild_MG_2258-scaled.jpg","type":"image\/jpeg"}],"author":"admin","twitter_card":"summary_large_image","twitter_misc":{"Written by":"admin","Est. reading time":"2 minutes"},"schema":{"@context":"https:\/\/schema.org","@graph":[{"@type":"Article","@id":"https:\/\/stadtwerkezeitung.info\/schwedt\/2026\/02\/19\/vom-kuenstleratelier-in-die-flure-der-stadtwerke-schwedt\/#article","isPartOf":{"@id":"https:\/\/stadtwerkezeitung.info\/schwedt\/2026\/02\/19\/vom-kuenstleratelier-in-die-flure-der-stadtwerke-schwedt\/"},"author":{"name":"admin","@id":"https:\/\/stadtwerkezeitung.info\/schwedt\/#\/schema\/person\/acd409dca37d4bb8bf3a1284da7f1ee0"},"headline":"Vom K\u00fcnstleratelier in die Flure der Stadtwerke Schwedt","datePublished":"2026-02-19T11:12:50+00:00","dateModified":"2026-02-19T14:26:57+00:00","mainEntityOfPage":{"@id":"https:\/\/stadtwerkezeitung.info\/schwedt\/2026\/02\/19\/vom-kuenstleratelier-in-die-flure-der-stadtwerke-schwedt\/"},"wordCount":147,"commentCount":0,"image":{"@id":"https:\/\/stadtwerkezeitung.info\/schwedt\/2026\/02\/19\/vom-kuenstleratelier-in-die-flure-der-stadtwerke-schwedt\/#primaryimage"},"thumbnailUrl":"https:\/\/stadtwerkezeitung.info\/schwedt\/wp-content\/uploads\/sites\/5\/2026\/02\/110_Teaser_Bild_MG_2258-scaled.jpg","inLanguage":"en-US","potentialAction":[{"@type":"CommentAction","name":"Comment","target":["https:\/\/stadtwerkezeitung.info\/schwedt\/2026\/02\/19\/vom-kuenstleratelier-in-die-flure-der-stadtwerke-schwedt\/#respond"]}]},{"@type":"WebPage","@id":"https:\/\/stadtwerkezeitung.info\/schwedt\/2026\/02\/19\/vom-kuenstleratelier-in-die-flure-der-stadtwerke-schwedt\/","url":"https:\/\/stadtwerkezeitung.info\/schwedt\/2026\/02\/19\/vom-kuenstleratelier-in-die-flure-der-stadtwerke-schwedt\/","name":"Vom K\u00fcnstleratelier in die Flure der Stadtwerke Schwedt - UMschau Schwedt","isPartOf":{"@id":"https:\/\/stadtwerkezeitung.info\/schwedt\/#website"},"primaryImageOfPage":{"@id":"https:\/\/stadtwerkezeitung.info\/schwedt\/2026\/02\/19\/vom-kuenstleratelier-in-die-flure-der-stadtwerke-schwedt\/#primaryimage"},"image":{"@id":"https:\/\/stadtwerkezeitung.info\/schwedt\/2026\/02\/19\/vom-kuenstleratelier-in-die-flure-der-stadtwerke-schwedt\/#primaryimage"},"thumbnailUrl":"https:\/\/stadtwerkezeitung.info\/schwedt\/wp-content\/uploads\/sites\/5\/2026\/02\/110_Teaser_Bild_MG_2258-scaled.jpg","datePublished":"2026-02-19T11:12:50+00:00","dateModified":"2026-02-19T14:26:57+00:00","author":{"@id":"https:\/\/stadtwerkezeitung.info\/schwedt\/#\/schema\/person\/acd409dca37d4bb8bf3a1284da7f1ee0"},"description":"Seit Dezember 2025 sind sie am Firmensitz des Unternehmensverbundes Stadtwerke Schwedt zu bewundern: 35 Bilder, die allesamt Geschenke von Teilnehmern des allj\u00e4hrlichen K\u00fcnstlertreffens in Schwedt waren.","breadcrumb":{"@id":"https:\/\/stadtwerkezeitung.info\/schwedt\/2026\/02\/19\/vom-kuenstleratelier-in-die-flure-der-stadtwerke-schwedt\/#breadcrumb"},"inLanguage":"en-US","potentialAction":[{"@type":"ReadAction","target":["https:\/\/stadtwerkezeitung.info\/schwedt\/2026\/02\/19\/vom-kuenstleratelier-in-die-flure-der-stadtwerke-schwedt\/"]}]},{"@type":"ImageObject","inLanguage":"en-US","@id":"https:\/\/stadtwerkezeitung.info\/schwedt\/2026\/02\/19\/vom-kuenstleratelier-in-die-flure-der-stadtwerke-schwedt\/#primaryimage","url":"https:\/\/stadtwerkezeitung.info\/schwedt\/wp-content\/uploads\/sites\/5\/2026\/02\/110_Teaser_Bild_MG_2258-scaled.jpg","contentUrl":"https:\/\/stadtwerkezeitung.info\/schwedt\/wp-content\/uploads\/sites\/5\/2026\/02\/110_Teaser_Bild_MG_2258-scaled.jpg","width":2560,"height":1577},{"@type":"BreadcrumbList","@id":"https:\/\/stadtwerkezeitung.info\/schwedt\/2026\/02\/19\/vom-kuenstleratelier-in-die-flure-der-stadtwerke-schwedt\/#breadcrumb","itemListElement":[{"@type":"ListItem","position":1,"name":"Home","item":"https:\/\/stadtwerkezeitung.info\/schwedt\/"},{"@type":"ListItem","position":2,"name":"Vom K\u00fcnstleratelier in die Flure der Stadtwerke Schwedt"}]},{"@type":"WebSite","@id":"https:\/\/stadtwerkezeitung.info\/schwedt\/#website","url":"https:\/\/stadtwerkezeitung.info\/schwedt\/","name":"UMschau Schwedt","description":"","inLanguage":"en-US"},{"@type":"Person","@id":"https:\/\/stadtwerkezeitung.info\/schwedt\/#\/schema\/person\/acd409dca37d4bb8bf3a1284da7f1ee0","name":"admin","image":{"@type":"ImageObject","inLanguage":"en-US","@id":"https:\/\/stadtwerkezeitung.info\/schwedt\/#\/schema\/person\/image\/","url":"https:\/\/secure.gravatar.com\/avatar\/52dc0b3340c8087a51f52eaa20dc62cd4a6fe41f5bd886140989db7b572c00cd?s=96&d=mm&r=g","contentUrl":"https:\/\/secure.gravatar.com\/avatar\/52dc0b3340c8087a51f52eaa20dc62cd4a6fe41f5bd886140989db7b572c00cd?s=96&d=mm&r=g","caption":"admin"},"sameAs":["https:\/\/stadtwerkezeitung.info"]}]}},"_links":{"self":[{"href":"https:\/\/stadtwerkezeitung.info\/schwedt\/wp-json\/wp\/v2\/posts\/574","targetHints":{"allow":["GET"]}}],"collection":[{"href":"https:\/\/stadtwerkezeitung.info\/schwedt\/wp-json\/wp\/v2\/posts"}],"about":[{"href":"https:\/\/stadtwerkezeitung.info\/schwedt\/wp-json\/wp\/v2\/types\/post"}],"author":[{"embeddable":true,"href":"https:\/\/stadtwerkezeitung.info\/schwedt\/wp-json\/wp\/v2\/users\/1"}],"replies":[{"embeddable":true,"href":"https:\/\/stadtwerkezeitung.info\/schwedt\/wp-json\/wp\/v2\/comments?post=574"}],"version-history":[{"count":4,"href":"https:\/\/stadtwerkezeitung.info\/schwedt\/wp-json\/wp\/v2\/posts\/574\/revisions"}],"predecessor-version":[{"id":645,"href":"https:\/\/stadtwerkezeitung.info\/schwedt\/wp-json\/wp\/v2\/posts\/574\/revisions\/645"}],"wp:featuredmedia":[{"embeddable":true,"href":"https:\/\/stadtwerkezeitung.info\/schwedt\/wp-json\/wp\/v2\/media\/578"}],"wp:attachment":[{"href":"https:\/\/stadtwerkezeitung.info\/schwedt\/wp-json\/wp\/v2\/media?parent=574"}],"wp:term":[{"taxonomy":"category","embeddable":true,"href":"https:\/\/stadtwerkezeitung.info\/schwedt\/wp-json\/wp\/v2\/categories?post=574"},{"taxonomy":"post_tag","embeddable":true,"href":"https:\/\/stadtwerkezeitung.info\/schwedt\/wp-json\/wp\/v2\/tags?post=574"}],"curies":[{"name":"wp","href":"https:\/\/api.w.org\/{rel}","templated":true}]}}