{"id":583,"date":"2026-02-19T11:20:32","date_gmt":"2026-02-19T11:20:32","guid":{"rendered":"https:\/\/stadtwerkezeitung.info\/schwedt\/?p=583"},"modified":"2026-02-19T11:21:17","modified_gmt":"2026-02-19T11:21:17","slug":"editorial-feb-2026","status":"publish","type":"post","link":"https:\/\/stadtwerkezeitung.info\/schwedt\/2026\/02\/19\/editorial-feb-2026\/","title":{"rendered":"Editorial"},"content":{"rendered":"<h2>Editorial<\/h2>\n<p><img decoding=\"async\" src=\"\/schwedt\/wp-content\/uploads\/sites\/5\/2025\/11\/201bild1.png\" alt=\"\"><\/p>\n<div>\n<p><em><small>Foto: SPREE-PR\/Arbeit <br \/><\/small><\/em><\/p>\n<\/div>\n<div>\n<h4>Liebe Leserinnen und Leser!<\/h4>\n<p>In dieser Ausgabe werden Sie auf einige Zahlen sto\u00dfen. Ob beim Glasfaserausbau, in der Energieabrechnung oder im R\u00fcckblick auf das vergangene Campingjahr. Zahlen schaffen Transparenz, erm\u00f6glichen Vergleiche und helfen dabei, Entwicklungen einzuordnen.<\/p>\n<p>Jedoch nicht alles, was z\u00e4hlt, l\u00e4sst sich in Zahlen messen. Als Stadtwerke verstehen wir uns deshalb nicht nur als kommunaler Dienstleister, sondern auch als verl\u00e4sslicher Unterst\u00fctzer vor Ort. Wir f\u00f6rdern Sport, Kunst und Kultur, unterst\u00fctzen Kinder bei der Medienbildung, schaffen sportliche Anreize etwa als Sponsor des Energy Cup \u2013 und stehen an der Seite derer, die gerade nicht das Privileg eines unbeschwerten Alltags haben. <br \/>Ja, Zahlen zeigen uns, wo wir stehen \u2013 unser Engagement zeigt, wof\u00fcr wir einstehen: eine starke Region, lebendige Freizeitangebote und eine Gemeinschaft, die zusammenh\u00e4lt. <\/p>\n<\/p>\n<h4>Ihr Dirk Sasson, Gesch\u00e4ftsf\u00fchrer des Unternehmensverbundes Stadtwerke Schwedt<\/h4>\n<\/div>\n<p><!--more--><br \/>\n<!-- {\"type\":\"layout\",\"children\":[{\"type\":\"section\",\"props\":{\"image_position\":\"center-center\",\"padding_top\":\"none\",\"style\":\"default\",\"title_breakpoint\":\"xl\",\"title_position\":\"top-left\",\"title_rotation\":\"left\",\"vertical_align\":\"\",\"width\":\"small\"},\"children\":[{\"type\":\"row\",\"children\":[{\"type\":\"column\",\"props\":{\"image_position\":\"center-center\",\"position_sticky_breakpoint\":\"m\",\"width_medium\":\"1-2\"},\"children\":[{\"type\":\"headline\",\"props\":{\"content\":\"Editorial\",\"image_align\":\"left\",\"image_margin\":\"xsmall\",\"margin_bottom\":\"small\",\"margin_top\":\"small\",\"title_element\":\"h2\",\"title_style\":\"h6\"}},{\"type\":\"image\",\"props\":{\"image\":\"wp-content\/uploads\/sites\/5\/2025\/11\/201bild1.png\",\"image_svg_color\":\"emphasis\",\"margin_bottom\":\"default\",\"margin_top\":\"default\"}},{\"type\":\"text\",\"props\":{\"column_breakpoint\":\"m\",\"content\":\"\n\n<p><em><small>Foto: SPREE-PR\/Arbeit <br \/><\/small><\/em><\/p>\n\n\",\"margin_bottom\":\"default\",\"margin_top\":\"default\"}}]},{\"type\":\"column\",\"props\":{\"image_position\":\"center-center\",\"position_sticky_breakpoint\":\"m\",\"width_medium\":\"1-2\"},\"children\":[{\"type\":\"text\",\"props\":{\"column_breakpoint\":\"m\",\"content\":\"\n\n<h4>Liebe Leserinnen und Leser!<\/h4>\n\n\\n\n\n<p>In dieser Ausgabe werden Sie auf einige Zahlen sto\u00dfen. Ob beim Glasfaserausbau, in der Energieabrechnung oder im R\u00fcckblick auf das vergangene Campingjahr. Zahlen schaffen Transparenz, erm\u00f6glichen Vergleiche und helfen dabei, Entwicklungen einzuordnen.<\/p>\n\n\\n\n\n<p>Jedoch nicht alles, was z\u00e4hlt, l\u00e4sst sich in Zahlen messen. Als Stadtwerke verstehen wir uns deshalb nicht nur als kommunaler Dienstleister, sondern auch als verl\u00e4sslicher Unterst\u00fctzer vor Ort. Wir f\u00f6rdern Sport, Kunst und Kultur, unterst\u00fctzen Kinder bei der Medienbildung, schaffen sportliche Anreize etwa als Sponsor des Energy Cup \u2013 und stehen an der Seite derer, die gerade nicht das Privileg eines unbeschwerten Alltags haben. <br \/>Ja, Zahlen zeigen uns, wo wir stehen \u2013 unser Engagement zeigt, wof\u00fcr wir einstehen: eine starke Region, lebendige Freizeitangebote und eine Gemeinschaft, die zusammenh\u00e4lt. <\/p>\n\n\\n\n\n\n\n\\n\n\n<h4>Ihr Dirk Sasson, Gesch\u00e4ftsf\u00fchrer des Unternehmensverbundes Stadtwerke Schwedt<\/h4>\n\n\",\"margin_bottom\":\"default\",\"margin_top\":\"default\"}}]}],\"props\":{\"divider\":true,\"layout\":\"1-2,1-2\"}}],\"name\":\"Artikel Format\"}],\"version\":\"5.0.12\"} --><\/p>\n","protected":false},"excerpt":{"rendered":"<p>Editorial Foto: SPREE-PR\/Arbeit Liebe Leserinnen und Leser! In dieser Ausgabe werden Sie auf einige Zahlen sto\u00dfen. Ob beim Glasfaserausbau, in der Energieabrechnung oder im R\u00fcckblick auf das vergangene Campingjahr. Zahlen schaffen Transparenz, erm\u00f6glichen Vergleiche und helfen dabei, Entwicklungen einzuordnen. Jedoch nicht alles, was z\u00e4hlt, l\u00e4sst sich in Zahlen messen. Als Stadtwerke verstehen wir uns deshalb [&hellip;]<\/p>\n","protected":false},"author":1,"featured_media":404,"comment_status":"open","ping_status":"open","sticky":false,"template":"","format":"standard","meta":{"footnotes":""},"categories":[1],"tags":[],"class_list":["post-583","post","type-post","status-publish","format-standard","has-post-thumbnail","hentry","category-uncategorized"],"yoast_head":"<!-- This site is optimized with the Yoast SEO plugin v26.9 - https:\/\/yoast.com\/product\/yoast-seo-wordpress\/ -->\n<title>Editorial - UMschau Schwedt<\/title>\n<meta name=\"description\" content=\"Liebe Leserinnen und Leser!In dieser Ausgabe werden Sie auf einige Zahlen sto\u00dfen. Ob beim Glasfaserausbau, in der Energieabrechnung oder im R\u00fcckblick auf das vergangene Camping-Jahr.\" \/>\n<meta name=\"robots\" content=\"index, follow, max-snippet:-1, max-image-preview:large, max-video-preview:-1\" \/>\n<link rel=\"canonical\" href=\"https:\/\/stadtwerkezeitung.info\/schwedt\/2026\/02\/19\/editorial-feb-2026\/\" \/>\n<meta property=\"og:locale\" content=\"en_US\" \/>\n<meta property=\"og:type\" content=\"article\" \/>\n<meta property=\"og:title\" content=\"Editorial - UMschau Schwedt\" \/>\n<meta property=\"og:description\" content=\"Liebe Leserinnen und Leser!In dieser Ausgabe werden Sie auf einige Zahlen sto\u00dfen. Ob beim Glasfaserausbau, in der Energieabrechnung oder im R\u00fcckblick auf das vergangene Camping-Jahr.\" \/>\n<meta property=\"og:url\" content=\"https:\/\/stadtwerkezeitung.info\/schwedt\/2026\/02\/19\/editorial-feb-2026\/\" \/>\n<meta property=\"og:site_name\" content=\"UMschau Schwedt\" \/>\n<meta property=\"article:published_time\" content=\"2026-02-19T11:20:32+00:00\" \/>\n<meta property=\"article:modified_time\" content=\"2026-02-19T11:21:17+00:00\" \/>\n<meta property=\"og:image\" content=\"https:\/\/stadtwerkezeitung.info\/schwedt\/wp-content\/uploads\/sites\/5\/2025\/11\/201bild1.png\" \/>\n\t<meta property=\"og:image:width\" content=\"531\" \/>\n\t<meta property=\"og:image:height\" content=\"444\" \/>\n\t<meta property=\"og:image:type\" content=\"image\/png\" \/>\n<meta name=\"author\" content=\"admin\" \/>\n<meta name=\"twitter:card\" content=\"summary_large_image\" \/>\n<meta name=\"twitter:label1\" content=\"Written by\" \/>\n\t<meta name=\"twitter:data1\" content=\"admin\" \/>\n\t<meta name=\"twitter:label2\" content=\"Est. reading time\" \/>\n\t<meta name=\"twitter:data2\" content=\"1 minute\" \/>\n<script type=\"application\/ld+json\" class=\"yoast-schema-graph\">{\"@context\":\"https:\/\/schema.org\",\"@graph\":[{\"@type\":\"Article\",\"@id\":\"https:\/\/stadtwerkezeitung.info\/schwedt\/2026\/02\/19\/editorial-feb-2026\/#article\",\"isPartOf\":{\"@id\":\"https:\/\/stadtwerkezeitung.info\/schwedt\/2026\/02\/19\/editorial-feb-2026\/\"},\"author\":{\"name\":\"admin\",\"@id\":\"https:\/\/stadtwerkezeitung.info\/schwedt\/#\/schema\/person\/acd409dca37d4bb8bf3a1284da7f1ee0\"},\"headline\":\"Editorial\",\"datePublished\":\"2026-02-19T11:20:32+00:00\",\"dateModified\":\"2026-02-19T11:21:17+00:00\",\"mainEntityOfPage\":{\"@id\":\"https:\/\/stadtwerkezeitung.info\/schwedt\/2026\/02\/19\/editorial-feb-2026\/\"},\"wordCount\":148,\"commentCount\":0,\"image\":{\"@id\":\"https:\/\/stadtwerkezeitung.info\/schwedt\/2026\/02\/19\/editorial-feb-2026\/#primaryimage\"},\"thumbnailUrl\":\"https:\/\/stadtwerkezeitung.info\/schwedt\/wp-content\/uploads\/sites\/5\/2025\/11\/201bild1.png\",\"inLanguage\":\"en-US\",\"potentialAction\":[{\"@type\":\"CommentAction\",\"name\":\"Comment\",\"target\":[\"https:\/\/stadtwerkezeitung.info\/schwedt\/2026\/02\/19\/editorial-feb-2026\/#respond\"]}]},{\"@type\":\"WebPage\",\"@id\":\"https:\/\/stadtwerkezeitung.info\/schwedt\/2026\/02\/19\/editorial-feb-2026\/\",\"url\":\"https:\/\/stadtwerkezeitung.info\/schwedt\/2026\/02\/19\/editorial-feb-2026\/\",\"name\":\"Editorial - UMschau Schwedt\",\"isPartOf\":{\"@id\":\"https:\/\/stadtwerkezeitung.info\/schwedt\/#website\"},\"primaryImageOfPage\":{\"@id\":\"https:\/\/stadtwerkezeitung.info\/schwedt\/2026\/02\/19\/editorial-feb-2026\/#primaryimage\"},\"image\":{\"@id\":\"https:\/\/stadtwerkezeitung.info\/schwedt\/2026\/02\/19\/editorial-feb-2026\/#primaryimage\"},\"thumbnailUrl\":\"https:\/\/stadtwerkezeitung.info\/schwedt\/wp-content\/uploads\/sites\/5\/2025\/11\/201bild1.png\",\"datePublished\":\"2026-02-19T11:20:32+00:00\",\"dateModified\":\"2026-02-19T11:21:17+00:00\",\"author\":{\"@id\":\"https:\/\/stadtwerkezeitung.info\/schwedt\/#\/schema\/person\/acd409dca37d4bb8bf3a1284da7f1ee0\"},\"description\":\"Liebe Leserinnen und Leser!In dieser Ausgabe werden Sie auf einige Zahlen sto\u00dfen. Ob beim Glasfaserausbau, in der Energieabrechnung oder im R\u00fcckblick auf das vergangene Camping-Jahr.\",\"breadcrumb\":{\"@id\":\"https:\/\/stadtwerkezeitung.info\/schwedt\/2026\/02\/19\/editorial-feb-2026\/#breadcrumb\"},\"inLanguage\":\"en-US\",\"potentialAction\":[{\"@type\":\"ReadAction\",\"target\":[\"https:\/\/stadtwerkezeitung.info\/schwedt\/2026\/02\/19\/editorial-feb-2026\/\"]}]},{\"@type\":\"ImageObject\",\"inLanguage\":\"en-US\",\"@id\":\"https:\/\/stadtwerkezeitung.info\/schwedt\/2026\/02\/19\/editorial-feb-2026\/#primaryimage\",\"url\":\"https:\/\/stadtwerkezeitung.info\/schwedt\/wp-content\/uploads\/sites\/5\/2025\/11\/201bild1.png\",\"contentUrl\":\"https:\/\/stadtwerkezeitung.info\/schwedt\/wp-content\/uploads\/sites\/5\/2025\/11\/201bild1.png\",\"width\":531,\"height\":444},{\"@type\":\"BreadcrumbList\",\"@id\":\"https:\/\/stadtwerkezeitung.info\/schwedt\/2026\/02\/19\/editorial-feb-2026\/#breadcrumb\",\"itemListElement\":[{\"@type\":\"ListItem\",\"position\":1,\"name\":\"Home\",\"item\":\"https:\/\/stadtwerkezeitung.info\/schwedt\/\"},{\"@type\":\"ListItem\",\"position\":2,\"name\":\"Editorial\"}]},{\"@type\":\"WebSite\",\"@id\":\"https:\/\/stadtwerkezeitung.info\/schwedt\/#website\",\"url\":\"https:\/\/stadtwerkezeitung.info\/schwedt\/\",\"name\":\"UMschau Schwedt\",\"description\":\"\",\"inLanguage\":\"en-US\"},{\"@type\":\"Person\",\"@id\":\"https:\/\/stadtwerkezeitung.info\/schwedt\/#\/schema\/person\/acd409dca37d4bb8bf3a1284da7f1ee0\",\"name\":\"admin\",\"image\":{\"@type\":\"ImageObject\",\"inLanguage\":\"en-US\",\"@id\":\"https:\/\/stadtwerkezeitung.info\/schwedt\/#\/schema\/person\/image\/\",\"url\":\"https:\/\/secure.gravatar.com\/avatar\/52dc0b3340c8087a51f52eaa20dc62cd4a6fe41f5bd886140989db7b572c00cd?s=96&d=mm&r=g\",\"contentUrl\":\"https:\/\/secure.gravatar.com\/avatar\/52dc0b3340c8087a51f52eaa20dc62cd4a6fe41f5bd886140989db7b572c00cd?s=96&d=mm&r=g\",\"caption\":\"admin\"},\"sameAs\":[\"https:\/\/stadtwerkezeitung.info\"]}]}<\/script>\n<!-- \/ Yoast SEO plugin. -->","yoast_head_json":{"title":"Editorial - UMschau Schwedt","description":"Liebe Leserinnen und Leser!In dieser Ausgabe werden Sie auf einige Zahlen sto\u00dfen. Ob beim Glasfaserausbau, in der Energieabrechnung oder im R\u00fcckblick auf das vergangene Camping-Jahr.","robots":{"index":"index","follow":"follow","max-snippet":"max-snippet:-1","max-image-preview":"max-image-preview:large","max-video-preview":"max-video-preview:-1"},"canonical":"https:\/\/stadtwerkezeitung.info\/schwedt\/2026\/02\/19\/editorial-feb-2026\/","og_locale":"en_US","og_type":"article","og_title":"Editorial - UMschau Schwedt","og_description":"Liebe Leserinnen und Leser!In dieser Ausgabe werden Sie auf einige Zahlen sto\u00dfen. Ob beim Glasfaserausbau, in der Energieabrechnung oder im R\u00fcckblick auf das vergangene Camping-Jahr.","og_url":"https:\/\/stadtwerkezeitung.info\/schwedt\/2026\/02\/19\/editorial-feb-2026\/","og_site_name":"UMschau Schwedt","article_published_time":"2026-02-19T11:20:32+00:00","article_modified_time":"2026-02-19T11:21:17+00:00","og_image":[{"width":531,"height":444,"url":"https:\/\/stadtwerkezeitung.info\/schwedt\/wp-content\/uploads\/sites\/5\/2025\/11\/201bild1.png","type":"image\/png"}],"author":"admin","twitter_card":"summary_large_image","twitter_misc":{"Written by":"admin","Est. reading time":"1 minute"},"schema":{"@context":"https:\/\/schema.org","@graph":[{"@type":"Article","@id":"https:\/\/stadtwerkezeitung.info\/schwedt\/2026\/02\/19\/editorial-feb-2026\/#article","isPartOf":{"@id":"https:\/\/stadtwerkezeitung.info\/schwedt\/2026\/02\/19\/editorial-feb-2026\/"},"author":{"name":"admin","@id":"https:\/\/stadtwerkezeitung.info\/schwedt\/#\/schema\/person\/acd409dca37d4bb8bf3a1284da7f1ee0"},"headline":"Editorial","datePublished":"2026-02-19T11:20:32+00:00","dateModified":"2026-02-19T11:21:17+00:00","mainEntityOfPage":{"@id":"https:\/\/stadtwerkezeitung.info\/schwedt\/2026\/02\/19\/editorial-feb-2026\/"},"wordCount":148,"commentCount":0,"image":{"@id":"https:\/\/stadtwerkezeitung.info\/schwedt\/2026\/02\/19\/editorial-feb-2026\/#primaryimage"},"thumbnailUrl":"https:\/\/stadtwerkezeitung.info\/schwedt\/wp-content\/uploads\/sites\/5\/2025\/11\/201bild1.png","inLanguage":"en-US","potentialAction":[{"@type":"CommentAction","name":"Comment","target":["https:\/\/stadtwerkezeitung.info\/schwedt\/2026\/02\/19\/editorial-feb-2026\/#respond"]}]},{"@type":"WebPage","@id":"https:\/\/stadtwerkezeitung.info\/schwedt\/2026\/02\/19\/editorial-feb-2026\/","url":"https:\/\/stadtwerkezeitung.info\/schwedt\/2026\/02\/19\/editorial-feb-2026\/","name":"Editorial - UMschau Schwedt","isPartOf":{"@id":"https:\/\/stadtwerkezeitung.info\/schwedt\/#website"},"primaryImageOfPage":{"@id":"https:\/\/stadtwerkezeitung.info\/schwedt\/2026\/02\/19\/editorial-feb-2026\/#primaryimage"},"image":{"@id":"https:\/\/stadtwerkezeitung.info\/schwedt\/2026\/02\/19\/editorial-feb-2026\/#primaryimage"},"thumbnailUrl":"https:\/\/stadtwerkezeitung.info\/schwedt\/wp-content\/uploads\/sites\/5\/2025\/11\/201bild1.png","datePublished":"2026-02-19T11:20:32+00:00","dateModified":"2026-02-19T11:21:17+00:00","author":{"@id":"https:\/\/stadtwerkezeitung.info\/schwedt\/#\/schema\/person\/acd409dca37d4bb8bf3a1284da7f1ee0"},"description":"Liebe Leserinnen und Leser!In dieser Ausgabe werden Sie auf einige Zahlen sto\u00dfen. Ob beim Glasfaserausbau, in der Energieabrechnung oder im R\u00fcckblick auf das vergangene Camping-Jahr.","breadcrumb":{"@id":"https:\/\/stadtwerkezeitung.info\/schwedt\/2026\/02\/19\/editorial-feb-2026\/#breadcrumb"},"inLanguage":"en-US","potentialAction":[{"@type":"ReadAction","target":["https:\/\/stadtwerkezeitung.info\/schwedt\/2026\/02\/19\/editorial-feb-2026\/"]}]},{"@type":"ImageObject","inLanguage":"en-US","@id":"https:\/\/stadtwerkezeitung.info\/schwedt\/2026\/02\/19\/editorial-feb-2026\/#primaryimage","url":"https:\/\/stadtwerkezeitung.info\/schwedt\/wp-content\/uploads\/sites\/5\/2025\/11\/201bild1.png","contentUrl":"https:\/\/stadtwerkezeitung.info\/schwedt\/wp-content\/uploads\/sites\/5\/2025\/11\/201bild1.png","width":531,"height":444},{"@type":"BreadcrumbList","@id":"https:\/\/stadtwerkezeitung.info\/schwedt\/2026\/02\/19\/editorial-feb-2026\/#breadcrumb","itemListElement":[{"@type":"ListItem","position":1,"name":"Home","item":"https:\/\/stadtwerkezeitung.info\/schwedt\/"},{"@type":"ListItem","position":2,"name":"Editorial"}]},{"@type":"WebSite","@id":"https:\/\/stadtwerkezeitung.info\/schwedt\/#website","url":"https:\/\/stadtwerkezeitung.info\/schwedt\/","name":"UMschau Schwedt","description":"","inLanguage":"en-US"},{"@type":"Person","@id":"https:\/\/stadtwerkezeitung.info\/schwedt\/#\/schema\/person\/acd409dca37d4bb8bf3a1284da7f1ee0","name":"admin","image":{"@type":"ImageObject","inLanguage":"en-US","@id":"https:\/\/stadtwerkezeitung.info\/schwedt\/#\/schema\/person\/image\/","url":"https:\/\/secure.gravatar.com\/avatar\/52dc0b3340c8087a51f52eaa20dc62cd4a6fe41f5bd886140989db7b572c00cd?s=96&d=mm&r=g","contentUrl":"https:\/\/secure.gravatar.com\/avatar\/52dc0b3340c8087a51f52eaa20dc62cd4a6fe41f5bd886140989db7b572c00cd?s=96&d=mm&r=g","caption":"admin"},"sameAs":["https:\/\/stadtwerkezeitung.info"]}]}},"_links":{"self":[{"href":"https:\/\/stadtwerkezeitung.info\/schwedt\/wp-json\/wp\/v2\/posts\/583","targetHints":{"allow":["GET"]}}],"collection":[{"href":"https:\/\/stadtwerkezeitung.info\/schwedt\/wp-json\/wp\/v2\/posts"}],"about":[{"href":"https:\/\/stadtwerkezeitung.info\/schwedt\/wp-json\/wp\/v2\/types\/post"}],"author":[{"embeddable":true,"href":"https:\/\/stadtwerkezeitung.info\/schwedt\/wp-json\/wp\/v2\/users\/1"}],"replies":[{"embeddable":true,"href":"https:\/\/stadtwerkezeitung.info\/schwedt\/wp-json\/wp\/v2\/comments?post=583"}],"version-history":[{"count":3,"href":"https:\/\/stadtwerkezeitung.info\/schwedt\/wp-json\/wp\/v2\/posts\/583\/revisions"}],"predecessor-version":[{"id":586,"href":"https:\/\/stadtwerkezeitung.info\/schwedt\/wp-json\/wp\/v2\/posts\/583\/revisions\/586"}],"wp:featuredmedia":[{"embeddable":true,"href":"https:\/\/stadtwerkezeitung.info\/schwedt\/wp-json\/wp\/v2\/media\/404"}],"wp:attachment":[{"href":"https:\/\/stadtwerkezeitung.info\/schwedt\/wp-json\/wp\/v2\/media?parent=583"}],"wp:term":[{"taxonomy":"category","embeddable":true,"href":"https:\/\/stadtwerkezeitung.info\/schwedt\/wp-json\/wp\/v2\/categories?post=583"},{"taxonomy":"post_tag","embeddable":true,"href":"https:\/\/stadtwerkezeitung.info\/schwedt\/wp-json\/wp\/v2\/tags?post=583"}],"curies":[{"name":"wp","href":"https:\/\/api.w.org\/{rel}","templated":true}]}}