{"id":595,"date":"2026-02-19T11:28:52","date_gmt":"2026-02-19T11:28:52","guid":{"rendered":"https:\/\/stadtwerkezeitung.info\/schwedt\/?p=595"},"modified":"2026-02-19T11:58:34","modified_gmt":"2026-02-19T11:58:34","slug":"mehr-als-popcorn-und-blockbuster","status":"publish","type":"post","link":"https:\/\/stadtwerkezeitung.info\/schwedt\/2026\/02\/19\/mehr-als-popcorn-und-blockbuster\/","title":{"rendered":"Mehr als Popcorn und Blockbuster"},"content":{"rendered":"<h2>20 Jahre FilmforUM Schwedt<\/h2>\n<h1>Mehr als Popcorn und Blockbuster<\/h1>\n<h2>Im Oktober feiert Schwedt ein besonderes Jubil\u00e4um: Seit 20 Jahren begeistert das kommunale Kino FilmforUM sein Publikum. Und das mit beeindruckenden Zahlen. Statistisch gesehen geht jede Schwedterin und jeder Schwedter 2,3-mal im Jahr ins Kino \u2013 mehr als doppelt so h\u00e4ufig wie der bundesweite Durchschnitt von 1,1 Kinobesuchen pro Kopf. Ein klarer Beweis: Schwedt liebt sein Kino.<\/h2>\n<p><img decoding=\"async\" src=\"\/schwedt\/wp-content\/uploads\/sites\/5\/2026\/02\/203_Teaser_Bild_KinojubilaumZ6A_3262_Doreen-scaled.jpg\" alt=\"\"><\/p>\n<div>\n<p><em>Kinoleiterin Doreen M\u00fcller.<\/p>\n<p><small> Foto: SWS <\/small><\/em><\/p>\n<\/div>\n<div>\n<p>Die Bilanz des vergangenen Kinojahres kann sich sehen lassen. \u201e2025 hat mit einem besseren Ergebnis als das Vorjahr abgeschlossen\u201c, res\u00fcmiert Kinoleiterin Doreen M\u00fcller. \u201e65.206 G\u00e4ste konnte unser Kino verzeichnen.\u201c Besonders das zweite Halbjahr sorgte f\u00fcr volle S\u00e4le. Publikumsmagnete, wie der deutsche Blockbuster \u201eDas Kanu des Manitu\u201c lie\u00dfen im August den Besucher-Knoten platzen. Als erster deutscher Film nach der Coronazeit \u00fcberschritt er die Marke von f\u00fcnf Millionen Besuchern. Es folgten weitere Highlights wie \u201eZoomania 2\u201c im November und \u201eAvatar: Fire and Ash\u201c im Dezember.<\/p>\n<p>Doch das FilmforUM steht f\u00fcr weit mehr als \u201eT\u00fcr auf \u2013 Film ab \u2013 T\u00fcr zu\u201c. \u201eWir bieten seit 20 Jahren ein breites Angebot f\u00fcr alle Zielgruppen\u201c, betont Doreen M\u00fcller. Vom ersten Kinobesuch f\u00fcr Kinder ab drei Jahren \u00fcber Schulvorstellungen und Ferienprogramme bis hin zum beliebten Seniorenkino \u2013 hier findet jede Generation ihren Platz.<\/p>\n<p>Besonders Cineasten sch\u00e4tzen das Filmkunstprogramm, das montags und mittwochs vielfach ausgezeichnete, oft Oscar\u2011pr\u00e4mierte Filme auf die Leinwand bringt. Mit der Reihe Best of Cinema kehren zudem Filmklassiker regelm\u00e4\u00dfig zur\u00fcck ins Kino.<\/p>\n<p>Auch Musik und Kulturfans kommen auf ihre Kosten: \u201e2025 standen unter anderem Hans Zimmer, Andr\u00e9 Rieu, Depeche Mode und Roland Kaiser bei uns auf dem Programm.\u201c Erg\u00e4nzt wird das Angebot durch Live-\u00dcbertragungen aus dem Royal Opera House in London mit Opern- und Ballett\u00fcbertragungen. Abgerundet wird das Profil des FilmforUM durch Sonderveranstaltungen und Vermietungen f\u00fcr Gespr\u00e4chsrunden, Ehrungen und private Feiern.<\/p>\n<p>Seit zwei Jahrzehnten ist das kommunale Kino damit nicht nur ein Ort f\u00fcr Filme, sondern ein lebendiger Treffpunkt f\u00fcr Kultur, Begegnung und gemeinsame Erlebnisse in Schwedt.<\/p>\n<\/div>\n<div>\n<h3>Alle Infos zum Kinoprogramm, Aktionen und Events:  filmforum-schwedt.de<\/h3>\n<p><a href=\"https:\/\/filmforum-schwedt.de\"><\/a><\/p>\n<\/div>\n<p><!--more--><br \/>\n<!-- {\"type\":\"layout\",\"children\":[{\"type\":\"section\",\"props\":{\"image_position\":\"center-center\",\"padding_top\":\"none\",\"style\":\"default\",\"title_breakpoint\":\"xl\",\"title_position\":\"top-left\",\"title_rotation\":\"left\",\"vertical_align\":\"\",\"width\":\"small\"},\"children\":[{\"type\":\"row\",\"children\":[{\"type\":\"column\",\"props\":{\"image_position\":\"center-center\",\"position_sticky_breakpoint\":\"m\"},\"children\":[{\"type\":\"headline\",\"props\":{\"content\":\"20 Jahre FilmforUM Schwedt\",\"image_align\":\"left\",\"image_margin\":\"xsmall\",\"margin_bottom\":\"small\",\"margin_top\":\"small\",\"title_element\":\"h2\",\"title_style\":\"h6\"}},{\"type\":\"headline\",\"props\":{\"content\":\"Mehr als Popcorn und Blockbuster\",\"image_align\":\"left\",\"image_margin\":\"xsmall\",\"margin_bottom\":\"small\",\"margin_top\":\"small\",\"title_element\":\"h1\",\"title_style\":\"h2\"}},{\"type\":\"headline\",\"props\":{\"content\":\"Im Oktober feiert Schwedt ein besonderes Jubil\u00e4um: Seit 20 Jahren begeistert das kommunale Kino FilmforUM sein Publikum. Und das mit beeindruckenden Zahlen. Statistisch gesehen geht jede Schwedterin und jeder Schwedter 2,3-mal im Jahr ins Kino \u2013 mehr als doppelt so h\u00e4ufig wie der bundesweite Durchschnitt von 1,1 Kinobesuchen pro Kopf. Ein klarer Beweis: Schwedt liebt sein Kino.\",\"image_align\":\"left\",\"image_margin\":\"xsmall\",\"margin_bottom\":\"small\",\"margin_top\":\"small\",\"title_element\":\"h2\",\"title_style\":\"text-lead\"}},{\"type\":\"image\",\"props\":{\"image\":\"wp-content\/uploads\/sites\/5\/2026\/02\/203_Teaser_Bild_KinojubilaumZ6A_3262_Doreen-scaled.jpg\",\"image_svg_color\":\"emphasis\",\"margin_bottom\":\"default\",\"margin_top\":\"default\"}},{\"type\":\"text\",\"props\":{\"column_breakpoint\":\"m\",\"content\":\"\n\n<p><em>Kinoleiterin Doreen M\u00fcller.\\n\\n\\n\\n    \\n    <br \/><small> Foto: SWS <\/small><\/em><\/p>\n\n\",\"margin_bottom\":\"default\",\"margin_top\":\"default\"}},{\"type\":\"text\",\"props\":{\"column_breakpoint\":\"m\",\"content\":\"\n\n<p>Die Bilanz des vergangenen Kinojahres kann sich sehen lassen. \u201e2025 hat mit einem besseren Ergebnis als das Vorjahr abgeschlossen\u201c, res\u00fcmiert Kinoleiterin Doreen M\u00fcller. \u201e65.206 G\u00e4ste konnte unser Kino verzeichnen.\u201c Besonders das zweite Halbjahr sorgte f\u00fcr volle S\u00e4le. Publikumsmagnete, wie der deutsche Blockbuster \u201eDas Kanu des Manitu\u201c lie\u00dfen im August den Besucher-Knoten platzen. Als erster deutscher Film nach der Coronazeit \u00fcberschritt er die Marke von f\u00fcnf Millionen Besuchern. Es folgten weitere Highlights wie \u201eZoomania 2\u201c im November und \u201eAvatar: Fire and Ash\u201c im Dezember.<\/p>\n\n\\n\n\n<p>Doch das FilmforUM steht f\u00fcr weit mehr als \u201eT\u00fcr auf \u2013 Film ab \u2013 T\u00fcr zu\u201c. \u201eWir bieten seit 20 Jahren ein breites Angebot f\u00fcr alle Zielgruppen\u201c, betont Doreen M\u00fcller. Vom ersten Kinobesuch f\u00fcr Kinder ab drei Jahren \u00fcber Schulvorstellungen und Ferienprogramme bis hin zum beliebten Seniorenkino \u2013 hier findet jede Generation ihren Platz.<\/p>\n\n\\n\n\n<p>Besonders Cineasten sch\u00e4tzen das Filmkunstprogramm, das montags und mittwochs vielfach ausgezeichnete, oft Oscar\u2011pr\u00e4mierte Filme auf die Leinwand bringt. Mit der Reihe Best of Cinema kehren zudem Filmklassiker regelm\u00e4\u00dfig zur\u00fcck ins Kino.<\/p>\n\n\\n\n\n<p>Auch Musik und Kulturfans kommen auf ihre Kosten: \u201e2025 standen unter anderem Hans Zimmer, Andr\u00e9 Rieu, Depeche Mode und Roland Kaiser bei uns auf dem Programm.\u201c Erg\u00e4nzt wird das Angebot durch Live-\u00dcbertragungen aus dem Royal Opera House in London mit Opern- und Ballett\u00fcbertragungen. Abgerundet wird das Profil des FilmforUM durch Sonderveranstaltungen und Vermietungen f\u00fcr Gespr\u00e4chsrunden, Ehrungen und private Feiern.<\/p>\n\n\\n\n\n<p>Seit zwei Jahrzehnten ist das kommunale Kino damit nicht nur ein Ort f\u00fcr Filme, sondern ein lebendiger Treffpunkt f\u00fcr Kultur, Begegnung und gemeinsame Erlebnisse in Schwedt.<\/p>\n\n\",\"margin_bottom\":\"default\",\"margin_top\":\"default\"}},{\"type\":\"panel\",\"props\":{\"content_column_breakpoint\":\"m\",\"icon\":\"info\",\"image_align\":\"left\",\"image_grid_breakpoint\":\"m\",\"image_grid_width\":\"auto\",\"image_height\":100,\"image_svg_color\":\"secondary\",\"image_vertical_align\":true,\"image_width\":100,\"link\":\"https:\/\/filmforum-schwedt.de\",\"link_style\":\"default\",\"link_target\":true,\"link_text\":\"\",\"margin_bottom\":\"default\",\"margin_top\":\"default\",\"meta_align\":\"below-title\",\"meta_element\":\"div\",\"meta_style\":\"text-meta\",\"panel_link\":true,\"panel_link_hover\":true,\"panel_padding\":\"default\",\"panel_style\":\"card-secondary\",\"title\":\"Alle Infos zum Kinoprogramm, Aktionen und Events:  filmforum-schwedt.de\",\"title_align\":\"top\",\"title_element\":\"h3\",\"title_grid_breakpoint\":\"m\",\"title_grid_width\":\"1-2\",\"title_hover_style\":\"reset\",\"title_style\":\"h3\"}}]}]}],\"name\":\"Artikel Format\"}],\"version\":\"5.0.12\"} --><\/p>\n","protected":false},"excerpt":{"rendered":"<p>20 Jahre FilmforUM Schwedt Mehr als Popcorn und Blockbuster Im Oktober feiert Schwedt ein besonderes Jubil\u00e4um: Seit 20 Jahren begeistert das kommunale Kino FilmforUM sein Publikum. Und das mit beeindruckenden Zahlen. Statistisch gesehen geht jede Schwedterin und jeder Schwedter 2,3-mal im Jahr ins Kino \u2013 mehr als doppelt so h\u00e4ufig wie der bundesweite Durchschnitt von [&hellip;]<\/p>\n","protected":false},"author":1,"featured_media":596,"comment_status":"open","ping_status":"open","sticky":false,"template":"","format":"standard","meta":{"footnotes":""},"categories":[1],"tags":[],"class_list":["post-595","post","type-post","status-publish","format-standard","has-post-thumbnail","hentry","category-uncategorized"],"yoast_head":"<!-- This site is optimized with the Yoast SEO plugin v26.9 - https:\/\/yoast.com\/product\/yoast-seo-wordpress\/ -->\n<title>Mehr als Popcorn und Blockbuster - UMschau Schwedt<\/title>\n<meta name=\"description\" content=\"Im Oktober feiert Schwedt ein besonderes Jubil\u00e4um: Seit 20 Jahren begeistert das kommunale Kino FilmforUM sein Publikum. Und das mit beeindruckenden Zahlen.\" \/>\n<meta name=\"robots\" content=\"index, follow, max-snippet:-1, max-image-preview:large, max-video-preview:-1\" \/>\n<link rel=\"canonical\" href=\"https:\/\/stadtwerkezeitung.info\/schwedt\/2026\/02\/19\/mehr-als-popcorn-und-blockbuster\/\" \/>\n<meta property=\"og:locale\" content=\"en_US\" \/>\n<meta property=\"og:type\" content=\"article\" \/>\n<meta property=\"og:title\" content=\"Mehr als Popcorn und Blockbuster - UMschau Schwedt\" \/>\n<meta property=\"og:description\" content=\"Im Oktober feiert Schwedt ein besonderes Jubil\u00e4um: Seit 20 Jahren begeistert das kommunale Kino FilmforUM sein Publikum. Und das mit beeindruckenden Zahlen.\" \/>\n<meta property=\"og:url\" content=\"https:\/\/stadtwerkezeitung.info\/schwedt\/2026\/02\/19\/mehr-als-popcorn-und-blockbuster\/\" \/>\n<meta property=\"og:site_name\" content=\"UMschau Schwedt\" \/>\n<meta property=\"article:published_time\" content=\"2026-02-19T11:28:52+00:00\" \/>\n<meta property=\"article:modified_time\" content=\"2026-02-19T11:58:34+00:00\" \/>\n<meta property=\"og:image\" content=\"https:\/\/stadtwerkezeitung.info\/schwedt\/wp-content\/uploads\/sites\/5\/2026\/02\/203_Teaser_Bild_KinojubilaumZ6A_3262_Doreen-scaled.jpg\" \/>\n\t<meta property=\"og:image:width\" content=\"2560\" \/>\n\t<meta property=\"og:image:height\" content=\"1703\" \/>\n\t<meta property=\"og:image:type\" content=\"image\/jpeg\" \/>\n<meta name=\"author\" content=\"admin\" \/>\n<meta name=\"twitter:card\" content=\"summary_large_image\" \/>\n<meta name=\"twitter:label1\" content=\"Written by\" \/>\n\t<meta name=\"twitter:data1\" content=\"admin\" \/>\n\t<meta name=\"twitter:label2\" content=\"Est. reading time\" \/>\n\t<meta name=\"twitter:data2\" content=\"2 minutes\" \/>\n<script type=\"application\/ld+json\" class=\"yoast-schema-graph\">{\"@context\":\"https:\/\/schema.org\",\"@graph\":[{\"@type\":\"Article\",\"@id\":\"https:\/\/stadtwerkezeitung.info\/schwedt\/2026\/02\/19\/mehr-als-popcorn-und-blockbuster\/#article\",\"isPartOf\":{\"@id\":\"https:\/\/stadtwerkezeitung.info\/schwedt\/2026\/02\/19\/mehr-als-popcorn-und-blockbuster\/\"},\"author\":{\"name\":\"admin\",\"@id\":\"https:\/\/stadtwerkezeitung.info\/schwedt\/#\/schema\/person\/acd409dca37d4bb8bf3a1284da7f1ee0\"},\"headline\":\"Mehr als Popcorn und Blockbuster\",\"datePublished\":\"2026-02-19T11:28:52+00:00\",\"dateModified\":\"2026-02-19T11:58:34+00:00\",\"mainEntityOfPage\":{\"@id\":\"https:\/\/stadtwerkezeitung.info\/schwedt\/2026\/02\/19\/mehr-als-popcorn-und-blockbuster\/\"},\"wordCount\":354,\"commentCount\":0,\"image\":{\"@id\":\"https:\/\/stadtwerkezeitung.info\/schwedt\/2026\/02\/19\/mehr-als-popcorn-und-blockbuster\/#primaryimage\"},\"thumbnailUrl\":\"https:\/\/stadtwerkezeitung.info\/schwedt\/wp-content\/uploads\/sites\/5\/2026\/02\/203_Teaser_Bild_KinojubilaumZ6A_3262_Doreen-scaled.jpg\",\"inLanguage\":\"en-US\",\"potentialAction\":[{\"@type\":\"CommentAction\",\"name\":\"Comment\",\"target\":[\"https:\/\/stadtwerkezeitung.info\/schwedt\/2026\/02\/19\/mehr-als-popcorn-und-blockbuster\/#respond\"]}]},{\"@type\":\"WebPage\",\"@id\":\"https:\/\/stadtwerkezeitung.info\/schwedt\/2026\/02\/19\/mehr-als-popcorn-und-blockbuster\/\",\"url\":\"https:\/\/stadtwerkezeitung.info\/schwedt\/2026\/02\/19\/mehr-als-popcorn-und-blockbuster\/\",\"name\":\"Mehr als Popcorn und Blockbuster - UMschau Schwedt\",\"isPartOf\":{\"@id\":\"https:\/\/stadtwerkezeitung.info\/schwedt\/#website\"},\"primaryImageOfPage\":{\"@id\":\"https:\/\/stadtwerkezeitung.info\/schwedt\/2026\/02\/19\/mehr-als-popcorn-und-blockbuster\/#primaryimage\"},\"image\":{\"@id\":\"https:\/\/stadtwerkezeitung.info\/schwedt\/2026\/02\/19\/mehr-als-popcorn-und-blockbuster\/#primaryimage\"},\"thumbnailUrl\":\"https:\/\/stadtwerkezeitung.info\/schwedt\/wp-content\/uploads\/sites\/5\/2026\/02\/203_Teaser_Bild_KinojubilaumZ6A_3262_Doreen-scaled.jpg\",\"datePublished\":\"2026-02-19T11:28:52+00:00\",\"dateModified\":\"2026-02-19T11:58:34+00:00\",\"author\":{\"@id\":\"https:\/\/stadtwerkezeitung.info\/schwedt\/#\/schema\/person\/acd409dca37d4bb8bf3a1284da7f1ee0\"},\"description\":\"Im Oktober feiert Schwedt ein besonderes Jubil\u00e4um: Seit 20 Jahren begeistert das kommunale Kino FilmforUM sein Publikum. Und das mit beeindruckenden Zahlen.\",\"breadcrumb\":{\"@id\":\"https:\/\/stadtwerkezeitung.info\/schwedt\/2026\/02\/19\/mehr-als-popcorn-und-blockbuster\/#breadcrumb\"},\"inLanguage\":\"en-US\",\"potentialAction\":[{\"@type\":\"ReadAction\",\"target\":[\"https:\/\/stadtwerkezeitung.info\/schwedt\/2026\/02\/19\/mehr-als-popcorn-und-blockbuster\/\"]}]},{\"@type\":\"ImageObject\",\"inLanguage\":\"en-US\",\"@id\":\"https:\/\/stadtwerkezeitung.info\/schwedt\/2026\/02\/19\/mehr-als-popcorn-und-blockbuster\/#primaryimage\",\"url\":\"https:\/\/stadtwerkezeitung.info\/schwedt\/wp-content\/uploads\/sites\/5\/2026\/02\/203_Teaser_Bild_KinojubilaumZ6A_3262_Doreen-scaled.jpg\",\"contentUrl\":\"https:\/\/stadtwerkezeitung.info\/schwedt\/wp-content\/uploads\/sites\/5\/2026\/02\/203_Teaser_Bild_KinojubilaumZ6A_3262_Doreen-scaled.jpg\",\"width\":2560,\"height\":1703},{\"@type\":\"BreadcrumbList\",\"@id\":\"https:\/\/stadtwerkezeitung.info\/schwedt\/2026\/02\/19\/mehr-als-popcorn-und-blockbuster\/#breadcrumb\",\"itemListElement\":[{\"@type\":\"ListItem\",\"position\":1,\"name\":\"Home\",\"item\":\"https:\/\/stadtwerkezeitung.info\/schwedt\/\"},{\"@type\":\"ListItem\",\"position\":2,\"name\":\"Mehr als Popcorn und Blockbuster\"}]},{\"@type\":\"WebSite\",\"@id\":\"https:\/\/stadtwerkezeitung.info\/schwedt\/#website\",\"url\":\"https:\/\/stadtwerkezeitung.info\/schwedt\/\",\"name\":\"UMschau Schwedt\",\"description\":\"\",\"inLanguage\":\"en-US\"},{\"@type\":\"Person\",\"@id\":\"https:\/\/stadtwerkezeitung.info\/schwedt\/#\/schema\/person\/acd409dca37d4bb8bf3a1284da7f1ee0\",\"name\":\"admin\",\"image\":{\"@type\":\"ImageObject\",\"inLanguage\":\"en-US\",\"@id\":\"https:\/\/stadtwerkezeitung.info\/schwedt\/#\/schema\/person\/image\/\",\"url\":\"https:\/\/secure.gravatar.com\/avatar\/52dc0b3340c8087a51f52eaa20dc62cd4a6fe41f5bd886140989db7b572c00cd?s=96&d=mm&r=g\",\"contentUrl\":\"https:\/\/secure.gravatar.com\/avatar\/52dc0b3340c8087a51f52eaa20dc62cd4a6fe41f5bd886140989db7b572c00cd?s=96&d=mm&r=g\",\"caption\":\"admin\"},\"sameAs\":[\"https:\/\/stadtwerkezeitung.info\"]}]}<\/script>\n<!-- \/ Yoast SEO plugin. -->","yoast_head_json":{"title":"Mehr als Popcorn und Blockbuster - UMschau Schwedt","description":"Im Oktober feiert Schwedt ein besonderes Jubil\u00e4um: Seit 20 Jahren begeistert das kommunale Kino FilmforUM sein Publikum. Und das mit beeindruckenden Zahlen.","robots":{"index":"index","follow":"follow","max-snippet":"max-snippet:-1","max-image-preview":"max-image-preview:large","max-video-preview":"max-video-preview:-1"},"canonical":"https:\/\/stadtwerkezeitung.info\/schwedt\/2026\/02\/19\/mehr-als-popcorn-und-blockbuster\/","og_locale":"en_US","og_type":"article","og_title":"Mehr als Popcorn und Blockbuster - UMschau Schwedt","og_description":"Im Oktober feiert Schwedt ein besonderes Jubil\u00e4um: Seit 20 Jahren begeistert das kommunale Kino FilmforUM sein Publikum. Und das mit beeindruckenden Zahlen.","og_url":"https:\/\/stadtwerkezeitung.info\/schwedt\/2026\/02\/19\/mehr-als-popcorn-und-blockbuster\/","og_site_name":"UMschau Schwedt","article_published_time":"2026-02-19T11:28:52+00:00","article_modified_time":"2026-02-19T11:58:34+00:00","og_image":[{"width":2560,"height":1703,"url":"https:\/\/stadtwerkezeitung.info\/schwedt\/wp-content\/uploads\/sites\/5\/2026\/02\/203_Teaser_Bild_KinojubilaumZ6A_3262_Doreen-scaled.jpg","type":"image\/jpeg"}],"author":"admin","twitter_card":"summary_large_image","twitter_misc":{"Written by":"admin","Est. reading time":"2 minutes"},"schema":{"@context":"https:\/\/schema.org","@graph":[{"@type":"Article","@id":"https:\/\/stadtwerkezeitung.info\/schwedt\/2026\/02\/19\/mehr-als-popcorn-und-blockbuster\/#article","isPartOf":{"@id":"https:\/\/stadtwerkezeitung.info\/schwedt\/2026\/02\/19\/mehr-als-popcorn-und-blockbuster\/"},"author":{"name":"admin","@id":"https:\/\/stadtwerkezeitung.info\/schwedt\/#\/schema\/person\/acd409dca37d4bb8bf3a1284da7f1ee0"},"headline":"Mehr als Popcorn und Blockbuster","datePublished":"2026-02-19T11:28:52+00:00","dateModified":"2026-02-19T11:58:34+00:00","mainEntityOfPage":{"@id":"https:\/\/stadtwerkezeitung.info\/schwedt\/2026\/02\/19\/mehr-als-popcorn-und-blockbuster\/"},"wordCount":354,"commentCount":0,"image":{"@id":"https:\/\/stadtwerkezeitung.info\/schwedt\/2026\/02\/19\/mehr-als-popcorn-und-blockbuster\/#primaryimage"},"thumbnailUrl":"https:\/\/stadtwerkezeitung.info\/schwedt\/wp-content\/uploads\/sites\/5\/2026\/02\/203_Teaser_Bild_KinojubilaumZ6A_3262_Doreen-scaled.jpg","inLanguage":"en-US","potentialAction":[{"@type":"CommentAction","name":"Comment","target":["https:\/\/stadtwerkezeitung.info\/schwedt\/2026\/02\/19\/mehr-als-popcorn-und-blockbuster\/#respond"]}]},{"@type":"WebPage","@id":"https:\/\/stadtwerkezeitung.info\/schwedt\/2026\/02\/19\/mehr-als-popcorn-und-blockbuster\/","url":"https:\/\/stadtwerkezeitung.info\/schwedt\/2026\/02\/19\/mehr-als-popcorn-und-blockbuster\/","name":"Mehr als Popcorn und Blockbuster - UMschau Schwedt","isPartOf":{"@id":"https:\/\/stadtwerkezeitung.info\/schwedt\/#website"},"primaryImageOfPage":{"@id":"https:\/\/stadtwerkezeitung.info\/schwedt\/2026\/02\/19\/mehr-als-popcorn-und-blockbuster\/#primaryimage"},"image":{"@id":"https:\/\/stadtwerkezeitung.info\/schwedt\/2026\/02\/19\/mehr-als-popcorn-und-blockbuster\/#primaryimage"},"thumbnailUrl":"https:\/\/stadtwerkezeitung.info\/schwedt\/wp-content\/uploads\/sites\/5\/2026\/02\/203_Teaser_Bild_KinojubilaumZ6A_3262_Doreen-scaled.jpg","datePublished":"2026-02-19T11:28:52+00:00","dateModified":"2026-02-19T11:58:34+00:00","author":{"@id":"https:\/\/stadtwerkezeitung.info\/schwedt\/#\/schema\/person\/acd409dca37d4bb8bf3a1284da7f1ee0"},"description":"Im Oktober feiert Schwedt ein besonderes Jubil\u00e4um: Seit 20 Jahren begeistert das kommunale Kino FilmforUM sein Publikum. Und das mit beeindruckenden Zahlen.","breadcrumb":{"@id":"https:\/\/stadtwerkezeitung.info\/schwedt\/2026\/02\/19\/mehr-als-popcorn-und-blockbuster\/#breadcrumb"},"inLanguage":"en-US","potentialAction":[{"@type":"ReadAction","target":["https:\/\/stadtwerkezeitung.info\/schwedt\/2026\/02\/19\/mehr-als-popcorn-und-blockbuster\/"]}]},{"@type":"ImageObject","inLanguage":"en-US","@id":"https:\/\/stadtwerkezeitung.info\/schwedt\/2026\/02\/19\/mehr-als-popcorn-und-blockbuster\/#primaryimage","url":"https:\/\/stadtwerkezeitung.info\/schwedt\/wp-content\/uploads\/sites\/5\/2026\/02\/203_Teaser_Bild_KinojubilaumZ6A_3262_Doreen-scaled.jpg","contentUrl":"https:\/\/stadtwerkezeitung.info\/schwedt\/wp-content\/uploads\/sites\/5\/2026\/02\/203_Teaser_Bild_KinojubilaumZ6A_3262_Doreen-scaled.jpg","width":2560,"height":1703},{"@type":"BreadcrumbList","@id":"https:\/\/stadtwerkezeitung.info\/schwedt\/2026\/02\/19\/mehr-als-popcorn-und-blockbuster\/#breadcrumb","itemListElement":[{"@type":"ListItem","position":1,"name":"Home","item":"https:\/\/stadtwerkezeitung.info\/schwedt\/"},{"@type":"ListItem","position":2,"name":"Mehr als Popcorn und Blockbuster"}]},{"@type":"WebSite","@id":"https:\/\/stadtwerkezeitung.info\/schwedt\/#website","url":"https:\/\/stadtwerkezeitung.info\/schwedt\/","name":"UMschau Schwedt","description":"","inLanguage":"en-US"},{"@type":"Person","@id":"https:\/\/stadtwerkezeitung.info\/schwedt\/#\/schema\/person\/acd409dca37d4bb8bf3a1284da7f1ee0","name":"admin","image":{"@type":"ImageObject","inLanguage":"en-US","@id":"https:\/\/stadtwerkezeitung.info\/schwedt\/#\/schema\/person\/image\/","url":"https:\/\/secure.gravatar.com\/avatar\/52dc0b3340c8087a51f52eaa20dc62cd4a6fe41f5bd886140989db7b572c00cd?s=96&d=mm&r=g","contentUrl":"https:\/\/secure.gravatar.com\/avatar\/52dc0b3340c8087a51f52eaa20dc62cd4a6fe41f5bd886140989db7b572c00cd?s=96&d=mm&r=g","caption":"admin"},"sameAs":["https:\/\/stadtwerkezeitung.info"]}]}},"_links":{"self":[{"href":"https:\/\/stadtwerkezeitung.info\/schwedt\/wp-json\/wp\/v2\/posts\/595","targetHints":{"allow":["GET"]}}],"collection":[{"href":"https:\/\/stadtwerkezeitung.info\/schwedt\/wp-json\/wp\/v2\/posts"}],"about":[{"href":"https:\/\/stadtwerkezeitung.info\/schwedt\/wp-json\/wp\/v2\/types\/post"}],"author":[{"embeddable":true,"href":"https:\/\/stadtwerkezeitung.info\/schwedt\/wp-json\/wp\/v2\/users\/1"}],"replies":[{"embeddable":true,"href":"https:\/\/stadtwerkezeitung.info\/schwedt\/wp-json\/wp\/v2\/comments?post=595"}],"version-history":[{"count":3,"href":"https:\/\/stadtwerkezeitung.info\/schwedt\/wp-json\/wp\/v2\/posts\/595\/revisions"}],"predecessor-version":[{"id":631,"href":"https:\/\/stadtwerkezeitung.info\/schwedt\/wp-json\/wp\/v2\/posts\/595\/revisions\/631"}],"wp:featuredmedia":[{"embeddable":true,"href":"https:\/\/stadtwerkezeitung.info\/schwedt\/wp-json\/wp\/v2\/media\/596"}],"wp:attachment":[{"href":"https:\/\/stadtwerkezeitung.info\/schwedt\/wp-json\/wp\/v2\/media?parent=595"}],"wp:term":[{"taxonomy":"category","embeddable":true,"href":"https:\/\/stadtwerkezeitung.info\/schwedt\/wp-json\/wp\/v2\/categories?post=595"},{"taxonomy":"post_tag","embeddable":true,"href":"https:\/\/stadtwerkezeitung.info\/schwedt\/wp-json\/wp\/v2\/tags?post=595"}],"curies":[{"name":"wp","href":"https:\/\/api.w.org\/{rel}","templated":true}]}}