{"id":600,"date":"2026-02-19T11:32:36","date_gmt":"2026-02-19T11:32:36","guid":{"rendered":"https:\/\/stadtwerkezeitung.info\/schwedt\/?p=600"},"modified":"2026-02-26T12:50:45","modified_gmt":"2026-02-26T12:50:45","slug":"so-wird-das-kinojahr-2026","status":"publish","type":"post","link":"https:\/\/stadtwerkezeitung.info\/schwedt\/2026\/02\/19\/so-wird-das-kinojahr-2026\/","title":{"rendered":"So wird das Kinojahr 2026"},"content":{"rendered":"<h2>Ausblick<\/h2>\n<h1>So wird das Kinojahr 2026<\/h1>\n<h2>Jedes Jahr im Januar trifft sich die Kinobranche zum Auftakt des Kinojahres auf der M\u00fcnchner Filmwoche. Das Team des FilmforUM geh\u00f6rte zu den 1.700 Teilnehmern, denen 20 Verleiher ihr Programm f\u00fcr 2026 pr\u00e4sentierten.<\/h2>\n<div>\u201eDer Ausblick f\u00fcr das erste Halbjahr l\u00e4sst Kinoherzen h\u00f6herschlagen\u201c, verspricht Kinoleiterin Doreen M\u00fcller. Begannen die Winterferien bereits mit Filmen wie \u201eDie drei ??? \u2013 Toteninsel\u201c und \u201eWoodwalkers 2\u201c, folgen p\u00fcnktlich zu den Osterferien im April bis zu den Sommerferien, weitere Kinohighlights. <\/div>\n<p><img decoding=\"async\" src=\"\/schwedt\/wp-content\/uploads\/sites\/5\/2026\/02\/204_Teaser_Bild_Filmwoche_image00270-scaled.jpeg\" alt=\"\"><\/p>\n<div>\n<p><em>Kinoleiterin Doreen M\u00fcller.<\/p>\n<p><small> Foto: SWS <\/small><\/em><\/p>\n<\/div>\n<div>\n<p>        <img decoding=\"async\" src=\"\/schwedt\/wp-content\/uploads\/sites\/5\/2026\/02\/Filmforum_4c-scaled.jpg\" alt=\"\"><\/p>\n<h3>Highlights Kinojahr 2026 \t<\/h3>\n<div>\n<ul style=\"list-style: none; padding: 0; margin: 0;\">\n<li style=\"display: flex; gap: 20px; padding: 4px 0;\"><span style=\"min-width: 60px; flex-shrink: 0; font-weight: bold;\">1. April<\/span><span>Der Super Mario Galaxy Film<\/span><\/li>\n<li style=\"display: flex; gap: 20px; padding: 4px 0;\"><span style=\"min-width: 60px; flex-shrink: 0; font-weight: bold;\">30. April<\/span><span>Der Teufel tr\u00e4gt Prada 2<\/span><\/li>\n<li style=\"display: flex; gap: 20px; padding: 4px 0;\"><span style=\"min-width: 60px; flex-shrink: 0; font-weight: bold;\">20. Mai<\/span><span>Star Wars: The Mandalorian &#038; Grogu<\/span><\/li>\n<li style=\"display: flex; gap: 20px; padding: 4px 0;\"><span style=\"min-width: 60px; flex-shrink: 0; font-weight: bold;\">18. Juni<\/span><span>Toy Story 5<\/span><\/li>\n<li style=\"display: flex; gap: 20px; padding: 4px 0;\"><span style=\"min-width: 60px; flex-shrink: 0; font-weight: bold;\">1. Juli<\/span><span>Minions 3<\/span><\/li>\n<li style=\"display: flex; gap: 20px; padding: 4px 0;\"><span style=\"min-width: 60px; flex-shrink: 0; font-weight: bold;\">9. Juli<\/span><span>Vaiana Life Action<\/span><\/li>\n<\/ul>\n<\/div>\n<\/div>\n<div>\n<h3>Zum aktuellen Programm vom FilmforUM<\/h3>\n<p><a href=\"https:\/\/filmforum-schwedt.de\/programm\"><\/a><\/p>\n<\/div>\n<p><!--more--><br \/>\n<!-- {\"type\":\"layout\",\"children\":[{\"type\":\"section\",\"props\":{\"image_position\":\"center-center\",\"padding_top\":\"none\",\"style\":\"default\",\"title_breakpoint\":\"xl\",\"title_position\":\"top-left\",\"title_rotation\":\"left\",\"vertical_align\":\"\",\"width\":\"small\"},\"children\":[{\"type\":\"row\",\"children\":[{\"type\":\"column\",\"props\":{\"image_position\":\"center-center\",\"position_sticky_breakpoint\":\"m\",\"vertical_align\":\"middle\",\"width_medium\":\"1-2\"},\"children\":[{\"type\":\"headline\",\"props\":{\"content\":\"Ausblick\",\"image_align\":\"left\",\"image_margin\":\"xsmall\",\"margin_bottom\":\"small\",\"margin_top\":\"small\",\"title_element\":\"h2\",\"title_style\":\"h6\"}},{\"type\":\"headline\",\"props\":{\"content\":\"So wird das Kinojahr 2026\",\"image_align\":\"left\",\"image_margin\":\"xsmall\",\"margin_bottom\":\"small\",\"margin_top\":\"small\",\"title_element\":\"h1\",\"title_style\":\"h2\"}},{\"type\":\"headline\",\"props\":{\"content\":\"Jedes Jahr im Januar trifft sich die Kinobranche zum Auftakt des Kinojahres auf der M\u00fcnchner Filmwoche. Das Team des FilmforUM geh\u00f6rte zu den 1.700 Teilnehmern, denen 20 Verleiher ihr Programm f\u00fcr 2026 pr\u00e4sentierten.\",\"image_align\":\"left\",\"image_margin\":\"xsmall\",\"margin_bottom\":\"small\",\"margin_top\":\"small\",\"title_element\":\"h2\",\"title_style\":\"text-lead\"}},{\"type\":\"text\",\"props\":{\"column_breakpoint\":\"m\",\"content\":\"\u201eDer Ausblick f\u00fcr das erste Halbjahr l\u00e4sst Kinoherzen h\u00f6herschlagen\u201c, verspricht Kinoleiterin Doreen M\u00fcller. Begannen die Winterferien bereits mit Filmen wie \u201eDie drei ??? \u2013 Toteninsel\u201c und \u201eWoodwalkers 2\u201c, folgen p\u00fcnktlich zu den Osterferien im April bis zu den Sommerferien, weitere Kinohighlights. \",\"margin_bottom\":\"default\",\"margin_top\":\"default\"}}]},{\"type\":\"column\",\"props\":{\"image_position\":\"center-center\",\"position_sticky_breakpoint\":\"m\",\"width_medium\":\"1-2\"},\"children\":[{\"type\":\"image\",\"props\":{\"image\":\"wp-content\/uploads\/sites\/5\/2026\/02\/204_Teaser_Bild_Filmwoche_image00270-scaled.jpeg\",\"image_svg_color\":\"emphasis\",\"margin_bottom\":\"default\",\"margin_top\":\"default\"}},{\"type\":\"text\",\"props\":{\"column_breakpoint\":\"m\",\"content\":\"\n\n<p><em>Kinoleiterin Doreen M\u00fcller.\\n\\n\\n\\n    \\n    <br \/><small> Foto: SWS <\/small><\/em><\/p>\n\n\",\"margin_bottom\":\"default\",\"margin_top\":\"default\"}}]}],\"props\":{\"divider\":true,\"layout\":\"1-2,1-2\"}},{\"type\":\"row\",\"children\":[{\"type\":\"column\",\"props\":{\"image_position\":\"center-center\",\"position_sticky_breakpoint\":\"m\"},\"children\":[{\"type\":\"panel\",\"props\":{\"content\":\"\n\n<ul style=\\\"list-style: none; padding: 0; margin: 0;\\\">\\n    \n\n<li style=\\\"display: flex; gap: 20px; padding: 4px 0;\\\"><span style=\\\"min-width: 60px; flex-shrink: 0; font-weight: bold;\\\">1. April<\/span><span>Der Super Mario Galaxy Film<\/span><\/li>\n\n\\n    \n\n<li style=\\\"display: flex; gap: 20px; padding: 4px 0;\\\"><span style=\\\"min-width: 60px; flex-shrink: 0; font-weight: bold;\\\">30. April<\/span><span>Der Teufel tr\u00e4gt Prada 2<\/span><\/li>\n\n\\n    \n\n<li style=\\\"display: flex; gap: 20px; padding: 4px 0;\\\"><span style=\\\"min-width: 60px; flex-shrink: 0; font-weight: bold;\\\">20. Mai<\/span><span>Star Wars: The Mandalorian & Grogu<\/span><\/li>\n\n\\n    \n\n<li style=\\\"display: flex; gap: 20px; padding: 4px 0;\\\"><span style=\\\"min-width: 60px; flex-shrink: 0; font-weight: bold;\\\">18. Juni<\/span><span>Toy Story 5<\/span><\/li>\n\n\\n    \n\n<li style=\\\"display: flex; gap: 20px; padding: 4px 0;\\\"><span style=\\\"min-width: 60px; flex-shrink: 0; font-weight: bold;\\\">1. Juli<\/span><span>Minions 3<\/span><\/li>\n\n\\n    \n\n<li style=\\\"display: flex; gap: 20px; padding: 4px 0;\\\"><span style=\\\"min-width: 60px; flex-shrink: 0; font-weight: bold;\\\">9. Juli<\/span><span>Vaiana Life Action<\/span><\/li>\n\n\\n<\/ul>\n\n\",\"content_column_breakpoint\":\"m\",\"image\":\"wp-content\/uploads\/sites\/5\/2026\/02\/Filmforum_4c-scaled.jpg\",\"image_align\":\"left\",\"image_grid_breakpoint\":\"m\",\"image_grid_width\":\"1-2\",\"image_svg_color\":\"emphasis\",\"image_vertical_align\":true,\"link_style\":\"default\",\"link_text\":\"Read more\",\"margin_bottom\":\"default\",\"margin_top\":\"default\",\"meta_align\":\"below-title\",\"meta_element\":\"div\",\"meta_style\":\"text-meta\",\"panel_padding\":\"default\",\"panel_style\":\"card-default\",\"title\":\"Highlights Kinojahr 2026 \\t\",\"title_align\":\"top\",\"title_element\":\"h3\",\"title_grid_breakpoint\":\"m\",\"title_grid_width\":\"1-2\",\"title_hover_style\":\"reset\"}},{\"type\":\"panel\",\"props\":{\"content_column_breakpoint\":\"m\",\"icon\":\"link\",\"image_align\":\"left\",\"image_grid_breakpoint\":\"m\",\"image_grid_width\":\"auto\",\"image_height\":50,\"image_svg_color\":\"secondary\",\"image_vertical_align\":true,\"image_width\":50,\"link\":\"https:\/\/filmforum-schwedt.de\/programm\",\"link_style\":\"default\",\"link_target\":true,\"link_text\":\"\",\"margin_bottom\":\"default\",\"margin_top\":\"default\",\"meta_align\":\"below-title\",\"meta_element\":\"div\",\"meta_style\":\"text-meta\",\"panel_link\":true,\"panel_link_hover\":true,\"panel_padding\":\"default\",\"panel_style\":\"card-secondary\",\"title\":\"Zum aktuellen Programm vom FilmforUM\",\"title_align\":\"top\",\"title_element\":\"h3\",\"title_grid_breakpoint\":\"m\",\"title_grid_width\":\"1-2\",\"title_hover_style\":\"reset\",\"title_style\":\"h3\"}}]}]}],\"name\":\"Artikel Format\"}],\"version\":\"5.0.12\"} --><\/p>\n","protected":false},"excerpt":{"rendered":"<p>Ausblick So wird das Kinojahr 2026 Jedes Jahr im Januar trifft sich die Kinobranche zum Auftakt des Kinojahres auf der M\u00fcnchner Filmwoche. Das Team des FilmforUM geh\u00f6rte zu den 1.700 Teilnehmern, denen 20 Verleiher ihr Programm f\u00fcr 2026 pr\u00e4sentierten. \u201eDer Ausblick f\u00fcr das erste Halbjahr l\u00e4sst Kinoherzen h\u00f6herschlagen\u201c, verspricht Kinoleiterin Doreen M\u00fcller. Begannen die Winterferien [&hellip;]<\/p>\n","protected":false},"author":1,"featured_media":601,"comment_status":"open","ping_status":"open","sticky":false,"template":"","format":"standard","meta":{"footnotes":""},"categories":[1],"tags":[],"class_list":["post-600","post","type-post","status-publish","format-standard","has-post-thumbnail","hentry","category-uncategorized"],"yoast_head":"<!-- This site is optimized with the Yoast SEO plugin v26.9 - https:\/\/yoast.com\/product\/yoast-seo-wordpress\/ -->\n<title>So wird das Kinojahr 2026 - UMschau Schwedt<\/title>\n<meta name=\"description\" content=\"Jedes Jahr im Januar trifft sich die Kinobranche zum Auftakt des Kinojahres auf der M\u00fcnchner Filmwoche. Das Team des FilmforUM geh\u00f6rte zu den 1.700 Teilnehmern, denen 20 Verleiher ihr Programm f\u00fcr 2026 pr\u00e4sentierten.\" \/>\n<meta name=\"robots\" content=\"index, follow, max-snippet:-1, max-image-preview:large, max-video-preview:-1\" \/>\n<link rel=\"canonical\" href=\"https:\/\/stadtwerkezeitung.info\/schwedt\/2026\/02\/19\/so-wird-das-kinojahr-2026\/\" \/>\n<meta property=\"og:locale\" content=\"en_US\" \/>\n<meta property=\"og:type\" content=\"article\" \/>\n<meta property=\"og:title\" content=\"So wird das Kinojahr 2026 - UMschau Schwedt\" \/>\n<meta property=\"og:description\" content=\"Jedes Jahr im Januar trifft sich die Kinobranche zum Auftakt des Kinojahres auf der M\u00fcnchner Filmwoche. Das Team des FilmforUM geh\u00f6rte zu den 1.700 Teilnehmern, denen 20 Verleiher ihr Programm f\u00fcr 2026 pr\u00e4sentierten.\" \/>\n<meta property=\"og:url\" content=\"https:\/\/stadtwerkezeitung.info\/schwedt\/2026\/02\/19\/so-wird-das-kinojahr-2026\/\" \/>\n<meta property=\"og:site_name\" content=\"UMschau Schwedt\" \/>\n<meta property=\"article:published_time\" content=\"2026-02-19T11:32:36+00:00\" \/>\n<meta property=\"article:modified_time\" content=\"2026-02-26T12:50:45+00:00\" \/>\n<meta property=\"og:image\" content=\"https:\/\/stadtwerkezeitung.info\/schwedt\/wp-content\/uploads\/sites\/5\/2026\/02\/204_Teaser_Bild_Filmwoche_image00270-scaled.jpeg\" \/>\n\t<meta property=\"og:image:width\" content=\"1920\" \/>\n\t<meta property=\"og:image:height\" content=\"2560\" \/>\n\t<meta property=\"og:image:type\" content=\"image\/jpeg\" \/>\n<meta name=\"author\" content=\"admin\" \/>\n<meta name=\"twitter:card\" content=\"summary_large_image\" \/>\n<meta name=\"twitter:label1\" content=\"Written by\" \/>\n\t<meta name=\"twitter:data1\" content=\"admin\" \/>\n\t<meta name=\"twitter:label2\" content=\"Est. reading time\" \/>\n\t<meta name=\"twitter:data2\" content=\"2 minutes\" \/>\n<script type=\"application\/ld+json\" class=\"yoast-schema-graph\">{\"@context\":\"https:\/\/schema.org\",\"@graph\":[{\"@type\":\"Article\",\"@id\":\"https:\/\/stadtwerkezeitung.info\/schwedt\/2026\/02\/19\/so-wird-das-kinojahr-2026\/#article\",\"isPartOf\":{\"@id\":\"https:\/\/stadtwerkezeitung.info\/schwedt\/2026\/02\/19\/so-wird-das-kinojahr-2026\/\"},\"author\":{\"name\":\"admin\",\"@id\":\"https:\/\/stadtwerkezeitung.info\/schwedt\/#\/schema\/person\/acd409dca37d4bb8bf3a1284da7f1ee0\"},\"headline\":\"So wird das Kinojahr 2026\",\"datePublished\":\"2026-02-19T11:32:36+00:00\",\"dateModified\":\"2026-02-26T12:50:45+00:00\",\"mainEntityOfPage\":{\"@id\":\"https:\/\/stadtwerkezeitung.info\/schwedt\/2026\/02\/19\/so-wird-das-kinojahr-2026\/\"},\"wordCount\":126,\"commentCount\":0,\"image\":{\"@id\":\"https:\/\/stadtwerkezeitung.info\/schwedt\/2026\/02\/19\/so-wird-das-kinojahr-2026\/#primaryimage\"},\"thumbnailUrl\":\"https:\/\/stadtwerkezeitung.info\/schwedt\/wp-content\/uploads\/sites\/5\/2026\/02\/204_Teaser_Bild_Filmwoche_image00270-scaled.jpeg\",\"inLanguage\":\"en-US\",\"potentialAction\":[{\"@type\":\"CommentAction\",\"name\":\"Comment\",\"target\":[\"https:\/\/stadtwerkezeitung.info\/schwedt\/2026\/02\/19\/so-wird-das-kinojahr-2026\/#respond\"]}]},{\"@type\":\"WebPage\",\"@id\":\"https:\/\/stadtwerkezeitung.info\/schwedt\/2026\/02\/19\/so-wird-das-kinojahr-2026\/\",\"url\":\"https:\/\/stadtwerkezeitung.info\/schwedt\/2026\/02\/19\/so-wird-das-kinojahr-2026\/\",\"name\":\"So wird das Kinojahr 2026 - UMschau Schwedt\",\"isPartOf\":{\"@id\":\"https:\/\/stadtwerkezeitung.info\/schwedt\/#website\"},\"primaryImageOfPage\":{\"@id\":\"https:\/\/stadtwerkezeitung.info\/schwedt\/2026\/02\/19\/so-wird-das-kinojahr-2026\/#primaryimage\"},\"image\":{\"@id\":\"https:\/\/stadtwerkezeitung.info\/schwedt\/2026\/02\/19\/so-wird-das-kinojahr-2026\/#primaryimage\"},\"thumbnailUrl\":\"https:\/\/stadtwerkezeitung.info\/schwedt\/wp-content\/uploads\/sites\/5\/2026\/02\/204_Teaser_Bild_Filmwoche_image00270-scaled.jpeg\",\"datePublished\":\"2026-02-19T11:32:36+00:00\",\"dateModified\":\"2026-02-26T12:50:45+00:00\",\"author\":{\"@id\":\"https:\/\/stadtwerkezeitung.info\/schwedt\/#\/schema\/person\/acd409dca37d4bb8bf3a1284da7f1ee0\"},\"description\":\"Jedes Jahr im Januar trifft sich die Kinobranche zum Auftakt des Kinojahres auf der M\u00fcnchner Filmwoche. Das Team des FilmforUM geh\u00f6rte zu den 1.700 Teilnehmern, denen 20 Verleiher ihr Programm f\u00fcr 2026 pr\u00e4sentierten.\",\"breadcrumb\":{\"@id\":\"https:\/\/stadtwerkezeitung.info\/schwedt\/2026\/02\/19\/so-wird-das-kinojahr-2026\/#breadcrumb\"},\"inLanguage\":\"en-US\",\"potentialAction\":[{\"@type\":\"ReadAction\",\"target\":[\"https:\/\/stadtwerkezeitung.info\/schwedt\/2026\/02\/19\/so-wird-das-kinojahr-2026\/\"]}]},{\"@type\":\"ImageObject\",\"inLanguage\":\"en-US\",\"@id\":\"https:\/\/stadtwerkezeitung.info\/schwedt\/2026\/02\/19\/so-wird-das-kinojahr-2026\/#primaryimage\",\"url\":\"https:\/\/stadtwerkezeitung.info\/schwedt\/wp-content\/uploads\/sites\/5\/2026\/02\/204_Teaser_Bild_Filmwoche_image00270-scaled.jpeg\",\"contentUrl\":\"https:\/\/stadtwerkezeitung.info\/schwedt\/wp-content\/uploads\/sites\/5\/2026\/02\/204_Teaser_Bild_Filmwoche_image00270-scaled.jpeg\",\"width\":1920,\"height\":2560},{\"@type\":\"BreadcrumbList\",\"@id\":\"https:\/\/stadtwerkezeitung.info\/schwedt\/2026\/02\/19\/so-wird-das-kinojahr-2026\/#breadcrumb\",\"itemListElement\":[{\"@type\":\"ListItem\",\"position\":1,\"name\":\"Home\",\"item\":\"https:\/\/stadtwerkezeitung.info\/schwedt\/\"},{\"@type\":\"ListItem\",\"position\":2,\"name\":\"So wird das Kinojahr 2026\"}]},{\"@type\":\"WebSite\",\"@id\":\"https:\/\/stadtwerkezeitung.info\/schwedt\/#website\",\"url\":\"https:\/\/stadtwerkezeitung.info\/schwedt\/\",\"name\":\"UMschau Schwedt\",\"description\":\"\",\"inLanguage\":\"en-US\"},{\"@type\":\"Person\",\"@id\":\"https:\/\/stadtwerkezeitung.info\/schwedt\/#\/schema\/person\/acd409dca37d4bb8bf3a1284da7f1ee0\",\"name\":\"admin\",\"image\":{\"@type\":\"ImageObject\",\"inLanguage\":\"en-US\",\"@id\":\"https:\/\/stadtwerkezeitung.info\/schwedt\/#\/schema\/person\/image\/\",\"url\":\"https:\/\/secure.gravatar.com\/avatar\/52dc0b3340c8087a51f52eaa20dc62cd4a6fe41f5bd886140989db7b572c00cd?s=96&d=mm&r=g\",\"contentUrl\":\"https:\/\/secure.gravatar.com\/avatar\/52dc0b3340c8087a51f52eaa20dc62cd4a6fe41f5bd886140989db7b572c00cd?s=96&d=mm&r=g\",\"caption\":\"admin\"},\"sameAs\":[\"https:\/\/stadtwerkezeitung.info\"]}]}<\/script>\n<!-- \/ Yoast SEO plugin. -->","yoast_head_json":{"title":"So wird das Kinojahr 2026 - UMschau Schwedt","description":"Jedes Jahr im Januar trifft sich die Kinobranche zum Auftakt des Kinojahres auf der M\u00fcnchner Filmwoche. Das Team des FilmforUM geh\u00f6rte zu den 1.700 Teilnehmern, denen 20 Verleiher ihr Programm f\u00fcr 2026 pr\u00e4sentierten.","robots":{"index":"index","follow":"follow","max-snippet":"max-snippet:-1","max-image-preview":"max-image-preview:large","max-video-preview":"max-video-preview:-1"},"canonical":"https:\/\/stadtwerkezeitung.info\/schwedt\/2026\/02\/19\/so-wird-das-kinojahr-2026\/","og_locale":"en_US","og_type":"article","og_title":"So wird das Kinojahr 2026 - UMschau Schwedt","og_description":"Jedes Jahr im Januar trifft sich die Kinobranche zum Auftakt des Kinojahres auf der M\u00fcnchner Filmwoche. Das Team des FilmforUM geh\u00f6rte zu den 1.700 Teilnehmern, denen 20 Verleiher ihr Programm f\u00fcr 2026 pr\u00e4sentierten.","og_url":"https:\/\/stadtwerkezeitung.info\/schwedt\/2026\/02\/19\/so-wird-das-kinojahr-2026\/","og_site_name":"UMschau Schwedt","article_published_time":"2026-02-19T11:32:36+00:00","article_modified_time":"2026-02-26T12:50:45+00:00","og_image":[{"width":1920,"height":2560,"url":"https:\/\/stadtwerkezeitung.info\/schwedt\/wp-content\/uploads\/sites\/5\/2026\/02\/204_Teaser_Bild_Filmwoche_image00270-scaled.jpeg","type":"image\/jpeg"}],"author":"admin","twitter_card":"summary_large_image","twitter_misc":{"Written by":"admin","Est. reading time":"2 minutes"},"schema":{"@context":"https:\/\/schema.org","@graph":[{"@type":"Article","@id":"https:\/\/stadtwerkezeitung.info\/schwedt\/2026\/02\/19\/so-wird-das-kinojahr-2026\/#article","isPartOf":{"@id":"https:\/\/stadtwerkezeitung.info\/schwedt\/2026\/02\/19\/so-wird-das-kinojahr-2026\/"},"author":{"name":"admin","@id":"https:\/\/stadtwerkezeitung.info\/schwedt\/#\/schema\/person\/acd409dca37d4bb8bf3a1284da7f1ee0"},"headline":"So wird das Kinojahr 2026","datePublished":"2026-02-19T11:32:36+00:00","dateModified":"2026-02-26T12:50:45+00:00","mainEntityOfPage":{"@id":"https:\/\/stadtwerkezeitung.info\/schwedt\/2026\/02\/19\/so-wird-das-kinojahr-2026\/"},"wordCount":126,"commentCount":0,"image":{"@id":"https:\/\/stadtwerkezeitung.info\/schwedt\/2026\/02\/19\/so-wird-das-kinojahr-2026\/#primaryimage"},"thumbnailUrl":"https:\/\/stadtwerkezeitung.info\/schwedt\/wp-content\/uploads\/sites\/5\/2026\/02\/204_Teaser_Bild_Filmwoche_image00270-scaled.jpeg","inLanguage":"en-US","potentialAction":[{"@type":"CommentAction","name":"Comment","target":["https:\/\/stadtwerkezeitung.info\/schwedt\/2026\/02\/19\/so-wird-das-kinojahr-2026\/#respond"]}]},{"@type":"WebPage","@id":"https:\/\/stadtwerkezeitung.info\/schwedt\/2026\/02\/19\/so-wird-das-kinojahr-2026\/","url":"https:\/\/stadtwerkezeitung.info\/schwedt\/2026\/02\/19\/so-wird-das-kinojahr-2026\/","name":"So wird das Kinojahr 2026 - UMschau Schwedt","isPartOf":{"@id":"https:\/\/stadtwerkezeitung.info\/schwedt\/#website"},"primaryImageOfPage":{"@id":"https:\/\/stadtwerkezeitung.info\/schwedt\/2026\/02\/19\/so-wird-das-kinojahr-2026\/#primaryimage"},"image":{"@id":"https:\/\/stadtwerkezeitung.info\/schwedt\/2026\/02\/19\/so-wird-das-kinojahr-2026\/#primaryimage"},"thumbnailUrl":"https:\/\/stadtwerkezeitung.info\/schwedt\/wp-content\/uploads\/sites\/5\/2026\/02\/204_Teaser_Bild_Filmwoche_image00270-scaled.jpeg","datePublished":"2026-02-19T11:32:36+00:00","dateModified":"2026-02-26T12:50:45+00:00","author":{"@id":"https:\/\/stadtwerkezeitung.info\/schwedt\/#\/schema\/person\/acd409dca37d4bb8bf3a1284da7f1ee0"},"description":"Jedes Jahr im Januar trifft sich die Kinobranche zum Auftakt des Kinojahres auf der M\u00fcnchner Filmwoche. Das Team des FilmforUM geh\u00f6rte zu den 1.700 Teilnehmern, denen 20 Verleiher ihr Programm f\u00fcr 2026 pr\u00e4sentierten.","breadcrumb":{"@id":"https:\/\/stadtwerkezeitung.info\/schwedt\/2026\/02\/19\/so-wird-das-kinojahr-2026\/#breadcrumb"},"inLanguage":"en-US","potentialAction":[{"@type":"ReadAction","target":["https:\/\/stadtwerkezeitung.info\/schwedt\/2026\/02\/19\/so-wird-das-kinojahr-2026\/"]}]},{"@type":"ImageObject","inLanguage":"en-US","@id":"https:\/\/stadtwerkezeitung.info\/schwedt\/2026\/02\/19\/so-wird-das-kinojahr-2026\/#primaryimage","url":"https:\/\/stadtwerkezeitung.info\/schwedt\/wp-content\/uploads\/sites\/5\/2026\/02\/204_Teaser_Bild_Filmwoche_image00270-scaled.jpeg","contentUrl":"https:\/\/stadtwerkezeitung.info\/schwedt\/wp-content\/uploads\/sites\/5\/2026\/02\/204_Teaser_Bild_Filmwoche_image00270-scaled.jpeg","width":1920,"height":2560},{"@type":"BreadcrumbList","@id":"https:\/\/stadtwerkezeitung.info\/schwedt\/2026\/02\/19\/so-wird-das-kinojahr-2026\/#breadcrumb","itemListElement":[{"@type":"ListItem","position":1,"name":"Home","item":"https:\/\/stadtwerkezeitung.info\/schwedt\/"},{"@type":"ListItem","position":2,"name":"So wird das Kinojahr 2026"}]},{"@type":"WebSite","@id":"https:\/\/stadtwerkezeitung.info\/schwedt\/#website","url":"https:\/\/stadtwerkezeitung.info\/schwedt\/","name":"UMschau Schwedt","description":"","inLanguage":"en-US"},{"@type":"Person","@id":"https:\/\/stadtwerkezeitung.info\/schwedt\/#\/schema\/person\/acd409dca37d4bb8bf3a1284da7f1ee0","name":"admin","image":{"@type":"ImageObject","inLanguage":"en-US","@id":"https:\/\/stadtwerkezeitung.info\/schwedt\/#\/schema\/person\/image\/","url":"https:\/\/secure.gravatar.com\/avatar\/52dc0b3340c8087a51f52eaa20dc62cd4a6fe41f5bd886140989db7b572c00cd?s=96&d=mm&r=g","contentUrl":"https:\/\/secure.gravatar.com\/avatar\/52dc0b3340c8087a51f52eaa20dc62cd4a6fe41f5bd886140989db7b572c00cd?s=96&d=mm&r=g","caption":"admin"},"sameAs":["https:\/\/stadtwerkezeitung.info"]}]}},"_links":{"self":[{"href":"https:\/\/stadtwerkezeitung.info\/schwedt\/wp-json\/wp\/v2\/posts\/600","targetHints":{"allow":["GET"]}}],"collection":[{"href":"https:\/\/stadtwerkezeitung.info\/schwedt\/wp-json\/wp\/v2\/posts"}],"about":[{"href":"https:\/\/stadtwerkezeitung.info\/schwedt\/wp-json\/wp\/v2\/types\/post"}],"author":[{"embeddable":true,"href":"https:\/\/stadtwerkezeitung.info\/schwedt\/wp-json\/wp\/v2\/users\/1"}],"replies":[{"embeddable":true,"href":"https:\/\/stadtwerkezeitung.info\/schwedt\/wp-json\/wp\/v2\/comments?post=600"}],"version-history":[{"count":7,"href":"https:\/\/stadtwerkezeitung.info\/schwedt\/wp-json\/wp\/v2\/posts\/600\/revisions"}],"predecessor-version":[{"id":664,"href":"https:\/\/stadtwerkezeitung.info\/schwedt\/wp-json\/wp\/v2\/posts\/600\/revisions\/664"}],"wp:featuredmedia":[{"embeddable":true,"href":"https:\/\/stadtwerkezeitung.info\/schwedt\/wp-json\/wp\/v2\/media\/601"}],"wp:attachment":[{"href":"https:\/\/stadtwerkezeitung.info\/schwedt\/wp-json\/wp\/v2\/media?parent=600"}],"wp:term":[{"taxonomy":"category","embeddable":true,"href":"https:\/\/stadtwerkezeitung.info\/schwedt\/wp-json\/wp\/v2\/categories?post=600"},{"taxonomy":"post_tag","embeddable":true,"href":"https:\/\/stadtwerkezeitung.info\/schwedt\/wp-json\/wp\/v2\/tags?post=600"}],"curies":[{"name":"wp","href":"https:\/\/api.w.org\/{rel}","templated":true}]}}