{"id":608,"date":"2026-02-19T11:43:09","date_gmt":"2026-02-19T11:43:09","guid":{"rendered":"https:\/\/stadtwerkezeitung.info\/schwedt\/?p=608"},"modified":"2026-02-19T11:58:16","modified_gmt":"2026-02-19T11:58:16","slug":"tauschsalon-nimm-und-gib-was-du-liebst","status":"publish","type":"post","link":"https:\/\/stadtwerkezeitung.info\/schwedt\/2026\/02\/19\/tauschsalon-nimm-und-gib-was-du-liebst\/","title":{"rendered":"Tauschsalon \u2013 Nimm und gib, was du liebst"},"content":{"rendered":"<h2>Brandenburgische Frauenwoche<\/h2>\n<h1>Tauschsalon \u2013 Nimm und gib, was du liebst<\/h1>\n<h2>Zur Brandenburgischen Frauenwoche zeigt die Trickfabrik, wie sch\u00f6n nachhaltige Mode sein kann. <\/h2>\n<div>Im FilmforUM Schwedt wird am 13. M\u00e4rz 2026 nicht nur der inspirierende Film \u201eWestwood \u2013 Punk. Ikone. Aktivistin.\u201c  gezeigt \u2013 auch der Tauschsalon ist vor Ort. Gut erhaltene Kleidung weitertragen, tauschen, reparieren und neu kreieren \u2013 so entsteht Mode, die Ressourcen schont und Freude schenkt. Jede Person, die ein Lieblingsteil weitergibt oder neu entdeckt, setzt ein Zeichen gegen die 1,3 Mio. Tonnen Kleidung, die j\u00e4hrlich in Deutschland im M\u00fcll landen.<\/div>\n<div>Einfach vorbeikommen, st\u00f6bern, austauschen und sich vom beeindruckenden Film inspirieren lassen. Vivienne Westwood war weit mehr als eine Modedesignerin: Sie pr\u00e4gte die Punkmode, k\u00e4mpfte f\u00fcr Frieden, Gerechtigkeit und Umweltschutz und ermutigte Frauen, sich von gesellschaftlichen Zw\u00e4ngen zu befreien \u2013 unverbl\u00fcmt, kraftvoll und ohne Schn\u00f6rkel. Der Eintritt ist frei \u2013 Besucher k\u00f6nnen das Projekt \u201eTauschsalon\u201c gern vor Ort finanziell unterst\u00fctzen.<\/div>\n<p><img decoding=\"async\" src=\"\/schwedt\/wp-content\/uploads\/sites\/5\/2026\/02\/206_Teaser_Bild__Westwood__Plakat__001-scaled.jpg\" alt=\"\"><\/p>\n<div>\n<p><em>Der Film \u201eWestwood \u2013 Punk. Ikone. Aktivistin.\u201c wird am 13. M\u00e4rz um 16:30\u2009Uhr im FilmforUM Schwedt gezeigt. Eintritt ist frei.<\/p>\n<p><small> Plakat: Filmverleih<\/small><\/em><\/p>\n<\/div>\n<div>\n<h3>13. M\u00e4rz, Filmstart 16:30\u2009Uhr im FilmforUM Schwedt<\/h3>\n<\/div>\n<p><img decoding=\"async\" src=\"\/schwedt\/wp-content\/uploads\/sites\/5\/2026\/02\/206_Bild_2__Westwood__Szenenfoto__005-scaled.jpg\" alt=\"\"><\/p>\n<div>\n<p><em>Szene aus dem Film \u201eWestwood \u2013 Punk. Ikone. Aktivistin.\u201c<\/p>\n<p><small> Plakat: Filmverleih<\/small><\/em><\/p>\n<\/div>\n<p><p>\n        <a href=\"https:\/\/schwedt.eu\/de\/politik-und-verwaltung\/mitverwaltung\/brandenburgische-frauenwochen-2026\/163273\">Zum Programm der Brandenburgischen Frauenwoche 2026<\/a>\n    <\/p>\n<\/p>\n<p><!--more--><br \/>\n<!-- {\"type\":\"layout\",\"children\":[{\"type\":\"section\",\"props\":{\"image_position\":\"center-center\",\"padding_top\":\"none\",\"style\":\"default\",\"title_breakpoint\":\"xl\",\"title_position\":\"top-left\",\"title_rotation\":\"left\",\"vertical_align\":\"\",\"width\":\"small\"},\"children\":[{\"type\":\"row\",\"children\":[{\"type\":\"column\",\"props\":{\"image_position\":\"center-center\",\"position_sticky_breakpoint\":\"m\",\"vertical_align\":\"middle\",\"width_medium\":\"1-2\"},\"children\":[{\"type\":\"headline\",\"props\":{\"content\":\"Brandenburgische Frauenwoche\",\"image_align\":\"left\",\"image_margin\":\"xsmall\",\"margin_bottom\":\"small\",\"margin_top\":\"small\",\"title_element\":\"h2\",\"title_style\":\"h6\"}},{\"type\":\"headline\",\"props\":{\"content\":\"Tauschsalon \u2013 Nimm und gib, was du liebst\",\"image_align\":\"left\",\"image_margin\":\"xsmall\",\"margin_bottom\":\"small\",\"margin_top\":\"small\",\"title_element\":\"h1\",\"title_style\":\"h2\"}},{\"type\":\"headline\",\"props\":{\"content\":\"Zur Brandenburgischen Frauenwoche zeigt die Trickfabrik, wie sch\u00f6n nachhaltige Mode sein kann. \",\"image_align\":\"left\",\"image_margin\":\"xsmall\",\"margin_bottom\":\"small\",\"margin_top\":\"small\",\"title_element\":\"h2\",\"title_style\":\"text-lead\"}},{\"type\":\"text\",\"props\":{\"column_breakpoint\":\"m\",\"content\":\"Im FilmforUM Schwedt wird am 13. M\u00e4rz 2026 nicht nur der inspirierende Film \u201eWestwood \u2013 Punk. Ikone. Aktivistin.\u201c  gezeigt \u2013 auch der Tauschsalon ist vor Ort. Gut erhaltene Kleidung weitertragen, tauschen, reparieren und neu kreieren \u2013 so entsteht Mode, die Ressourcen schont und Freude schenkt. Jede Person, die ein Lieblingsteil weitergibt oder neu entdeckt, setzt ein Zeichen gegen die 1,3 Mio. Tonnen Kleidung, die j\u00e4hrlich in Deutschland im M\u00fcll landen.\",\"margin_bottom\":\"default\",\"margin_top\":\"default\"}},{\"type\":\"text\",\"props\":{\"column_breakpoint\":\"m\",\"content\":\"Einfach vorbeikommen, st\u00f6bern, austauschen und sich vom beeindruckenden Film inspirieren lassen. Vivienne Westwood war weit mehr als eine Modedesignerin: Sie pr\u00e4gte die Punkmode, k\u00e4mpfte f\u00fcr Frieden, Gerechtigkeit und Umweltschutz und ermutigte Frauen, sich von gesellschaftlichen Zw\u00e4ngen zu befreien \u2013 unverbl\u00fcmt, kraftvoll und ohne Schn\u00f6rkel. Der Eintritt ist frei \u2013 Besucher k\u00f6nnen das Projekt \u201eTauschsalon\u201c gern vor Ort finanziell unterst\u00fctzen.\",\"margin_bottom\":\"default\",\"margin_top\":\"default\"}}]},{\"type\":\"column\",\"props\":{\"image_position\":\"center-center\",\"position_sticky_breakpoint\":\"m\",\"width_medium\":\"1-2\"},\"children\":[{\"type\":\"image\",\"props\":{\"image\":\"wp-content\/uploads\/sites\/5\/2026\/02\/206_Teaser_Bild__Westwood__Plakat__001-scaled.jpg\",\"image_svg_color\":\"emphasis\",\"margin_bottom\":\"default\",\"margin_top\":\"default\"}},{\"type\":\"text\",\"props\":{\"column_breakpoint\":\"m\",\"content\":\"\n\n<p><em>Der Film \u201eWestwood \u2013 Punk. Ikone. Aktivistin.\u201c wird am 13. M\u00e4rz um 16:30\u2009Uhr im FilmforUM Schwedt gezeigt. Eintritt ist frei.\\n\\n\\n\\n\\n\\n\\n    \\n    <br \/><small> Plakat: Filmverleih<\/small><\/em><\/p>\n\n\",\"margin_bottom\":\"default\",\"margin_top\":\"default\"}}]}],\"props\":{\"divider\":true,\"layout\":\"1-2,1-2\"}},{\"type\":\"row\",\"children\":[{\"type\":\"column\",\"props\":{\"image_position\":\"center-center\",\"position_sticky_breakpoint\":\"m\"},\"children\":[{\"type\":\"panel\",\"props\":{\"content_column_breakpoint\":\"m\",\"icon\":\"calendar\",\"image_align\":\"left\",\"image_grid_breakpoint\":\"m\",\"image_grid_width\":\"auto\",\"image_height\":50,\"image_svg_color\":\"secondary\",\"image_vertical_align\":true,\"image_width\":50,\"link_style\":\"default\",\"link_target\":true,\"link_text\":\"\",\"margin_bottom\":\"default\",\"margin_top\":\"default\",\"meta_align\":\"below-title\",\"meta_element\":\"div\",\"meta_style\":\"text-meta\",\"panel_link\":true,\"panel_link_hover\":true,\"panel_padding\":\"default\",\"panel_style\":\"card-primary\",\"title\":\"13. M\u00e4rz, Filmstart 16:30\u2009Uhr im FilmforUM Schwedt\",\"title_align\":\"top\",\"title_element\":\"h3\",\"title_grid_breakpoint\":\"m\",\"title_grid_width\":\"1-2\",\"title_hover_style\":\"reset\",\"title_style\":\"h3\"}},{\"type\":\"image\",\"props\":{\"image\":\"wp-content\/uploads\/sites\/5\/2026\/02\/206_Bild_2__Westwood__Szenenfoto__005-scaled.jpg\",\"image_svg_color\":\"emphasis\",\"margin_bottom\":\"default\",\"margin_top\":\"default\"}},{\"type\":\"text\",\"props\":{\"column_breakpoint\":\"m\",\"content\":\"\n\n<p><em>Szene aus dem Film \u201eWestwood \u2013 Punk. Ikone. Aktivistin.\u201c\\n\\n\\n\\n\\n\\n    \\n    <br \/><small> Plakat: Filmverleih<\/small><\/em><\/p>\n\n\",\"margin_bottom\":\"default\",\"margin_top\":\"default\"}},{\"type\":\"button\",\"props\":{\"fullwidth\":true,\"grid_column_gap\":\"small\",\"grid_row_gap\":\"small\",\"margin_bottom\":\"default\",\"margin_top\":\"default\"},\"children\":[{\"type\":\"button_item\",\"props\":{\"button_style\":\"secondary\",\"content\":\"Zum Programm der Brandenburgischen Frauenwoche 2026\",\"dialog_layout\":\"modal\",\"dialog_offcanvas_flip\":true,\"icon\":\"arrow-up-right\",\"icon_align\":\"left\",\"link\":\"https:\/\/schwedt.eu\/de\/politik-und-verwaltung\/mitverwaltung\/brandenburgische-frauenwochen-2026\/163273\",\"link_target\":true}}]}]}]}],\"name\":\"Artikel Format\"}],\"version\":\"5.0.12\"} --><\/p>\n","protected":false},"excerpt":{"rendered":"<p>Brandenburgische Frauenwoche Tauschsalon \u2013 Nimm und gib, was du liebst Zur Brandenburgischen Frauenwoche zeigt die Trickfabrik, wie sch\u00f6n nachhaltige Mode sein kann. Im FilmforUM Schwedt wird am 13. M\u00e4rz 2026 nicht nur der inspirierende Film \u201eWestwood \u2013 Punk. Ikone. Aktivistin.\u201c gezeigt \u2013 auch der Tauschsalon ist vor Ort. Gut erhaltene Kleidung weitertragen, tauschen, reparieren und [&hellip;]<\/p>\n","protected":false},"author":1,"featured_media":610,"comment_status":"open","ping_status":"open","sticky":false,"template":"","format":"standard","meta":{"footnotes":""},"categories":[1],"tags":[],"class_list":["post-608","post","type-post","status-publish","format-standard","has-post-thumbnail","hentry","category-uncategorized"],"yoast_head":"<!-- This site is optimized with the Yoast SEO plugin v26.9 - https:\/\/yoast.com\/product\/yoast-seo-wordpress\/ -->\n<title>Tauschsalon \u2013 Nimm und gib, was du liebst - UMschau Schwedt<\/title>\n<meta name=\"description\" content=\"Zur Brandenburgischen Frauenwoche zeigt die Trickfabrik, wie sch\u00f6n nachhaltige Mode sein kann.\" \/>\n<meta name=\"robots\" content=\"index, follow, max-snippet:-1, max-image-preview:large, max-video-preview:-1\" \/>\n<link rel=\"canonical\" href=\"https:\/\/stadtwerkezeitung.info\/schwedt\/2026\/02\/19\/tauschsalon-nimm-und-gib-was-du-liebst\/\" \/>\n<meta property=\"og:locale\" content=\"en_US\" \/>\n<meta property=\"og:type\" content=\"article\" \/>\n<meta property=\"og:title\" content=\"Tauschsalon \u2013 Nimm und gib, was du liebst - UMschau Schwedt\" \/>\n<meta property=\"og:description\" content=\"Zur Brandenburgischen Frauenwoche zeigt die Trickfabrik, wie sch\u00f6n nachhaltige Mode sein kann.\" \/>\n<meta property=\"og:url\" content=\"https:\/\/stadtwerkezeitung.info\/schwedt\/2026\/02\/19\/tauschsalon-nimm-und-gib-was-du-liebst\/\" \/>\n<meta property=\"og:site_name\" content=\"UMschau Schwedt\" \/>\n<meta property=\"article:published_time\" content=\"2026-02-19T11:43:09+00:00\" \/>\n<meta property=\"article:modified_time\" content=\"2026-02-19T11:58:16+00:00\" \/>\n<meta property=\"og:image\" content=\"https:\/\/stadtwerkezeitung.info\/schwedt\/wp-content\/uploads\/sites\/5\/2026\/02\/206_Teaser_Bild__Westwood__Plakat__001-scaled.jpg\" \/>\n\t<meta property=\"og:image:width\" content=\"1810\" \/>\n\t<meta property=\"og:image:height\" content=\"2560\" \/>\n\t<meta property=\"og:image:type\" content=\"image\/jpeg\" \/>\n<meta name=\"author\" content=\"admin\" \/>\n<meta name=\"twitter:card\" content=\"summary_large_image\" \/>\n<meta name=\"twitter:label1\" content=\"Written by\" \/>\n\t<meta name=\"twitter:data1\" content=\"admin\" \/>\n\t<meta name=\"twitter:label2\" content=\"Est. reading time\" \/>\n\t<meta name=\"twitter:data2\" content=\"2 minutes\" \/>\n<script type=\"application\/ld+json\" class=\"yoast-schema-graph\">{\"@context\":\"https:\/\/schema.org\",\"@graph\":[{\"@type\":\"Article\",\"@id\":\"https:\/\/stadtwerkezeitung.info\/schwedt\/2026\/02\/19\/tauschsalon-nimm-und-gib-was-du-liebst\/#article\",\"isPartOf\":{\"@id\":\"https:\/\/stadtwerkezeitung.info\/schwedt\/2026\/02\/19\/tauschsalon-nimm-und-gib-was-du-liebst\/\"},\"author\":{\"name\":\"admin\",\"@id\":\"https:\/\/stadtwerkezeitung.info\/schwedt\/#\/schema\/person\/acd409dca37d4bb8bf3a1284da7f1ee0\"},\"headline\":\"Tauschsalon \u2013 Nimm und gib, was du liebst\",\"datePublished\":\"2026-02-19T11:43:09+00:00\",\"dateModified\":\"2026-02-19T11:58:16+00:00\",\"mainEntityOfPage\":{\"@id\":\"https:\/\/stadtwerkezeitung.info\/schwedt\/2026\/02\/19\/tauschsalon-nimm-und-gib-was-du-liebst\/\"},\"wordCount\":205,\"commentCount\":0,\"image\":{\"@id\":\"https:\/\/stadtwerkezeitung.info\/schwedt\/2026\/02\/19\/tauschsalon-nimm-und-gib-was-du-liebst\/#primaryimage\"},\"thumbnailUrl\":\"https:\/\/stadtwerkezeitung.info\/schwedt\/wp-content\/uploads\/sites\/5\/2026\/02\/206_Teaser_Bild__Westwood__Plakat__001-scaled.jpg\",\"inLanguage\":\"en-US\",\"potentialAction\":[{\"@type\":\"CommentAction\",\"name\":\"Comment\",\"target\":[\"https:\/\/stadtwerkezeitung.info\/schwedt\/2026\/02\/19\/tauschsalon-nimm-und-gib-was-du-liebst\/#respond\"]}]},{\"@type\":\"WebPage\",\"@id\":\"https:\/\/stadtwerkezeitung.info\/schwedt\/2026\/02\/19\/tauschsalon-nimm-und-gib-was-du-liebst\/\",\"url\":\"https:\/\/stadtwerkezeitung.info\/schwedt\/2026\/02\/19\/tauschsalon-nimm-und-gib-was-du-liebst\/\",\"name\":\"Tauschsalon \u2013 Nimm und gib, was du liebst - UMschau Schwedt\",\"isPartOf\":{\"@id\":\"https:\/\/stadtwerkezeitung.info\/schwedt\/#website\"},\"primaryImageOfPage\":{\"@id\":\"https:\/\/stadtwerkezeitung.info\/schwedt\/2026\/02\/19\/tauschsalon-nimm-und-gib-was-du-liebst\/#primaryimage\"},\"image\":{\"@id\":\"https:\/\/stadtwerkezeitung.info\/schwedt\/2026\/02\/19\/tauschsalon-nimm-und-gib-was-du-liebst\/#primaryimage\"},\"thumbnailUrl\":\"https:\/\/stadtwerkezeitung.info\/schwedt\/wp-content\/uploads\/sites\/5\/2026\/02\/206_Teaser_Bild__Westwood__Plakat__001-scaled.jpg\",\"datePublished\":\"2026-02-19T11:43:09+00:00\",\"dateModified\":\"2026-02-19T11:58:16+00:00\",\"author\":{\"@id\":\"https:\/\/stadtwerkezeitung.info\/schwedt\/#\/schema\/person\/acd409dca37d4bb8bf3a1284da7f1ee0\"},\"description\":\"Zur Brandenburgischen Frauenwoche zeigt die Trickfabrik, wie sch\u00f6n nachhaltige Mode sein kann.\",\"breadcrumb\":{\"@id\":\"https:\/\/stadtwerkezeitung.info\/schwedt\/2026\/02\/19\/tauschsalon-nimm-und-gib-was-du-liebst\/#breadcrumb\"},\"inLanguage\":\"en-US\",\"potentialAction\":[{\"@type\":\"ReadAction\",\"target\":[\"https:\/\/stadtwerkezeitung.info\/schwedt\/2026\/02\/19\/tauschsalon-nimm-und-gib-was-du-liebst\/\"]}]},{\"@type\":\"ImageObject\",\"inLanguage\":\"en-US\",\"@id\":\"https:\/\/stadtwerkezeitung.info\/schwedt\/2026\/02\/19\/tauschsalon-nimm-und-gib-was-du-liebst\/#primaryimage\",\"url\":\"https:\/\/stadtwerkezeitung.info\/schwedt\/wp-content\/uploads\/sites\/5\/2026\/02\/206_Teaser_Bild__Westwood__Plakat__001-scaled.jpg\",\"contentUrl\":\"https:\/\/stadtwerkezeitung.info\/schwedt\/wp-content\/uploads\/sites\/5\/2026\/02\/206_Teaser_Bild__Westwood__Plakat__001-scaled.jpg\",\"width\":1810,\"height\":2560},{\"@type\":\"BreadcrumbList\",\"@id\":\"https:\/\/stadtwerkezeitung.info\/schwedt\/2026\/02\/19\/tauschsalon-nimm-und-gib-was-du-liebst\/#breadcrumb\",\"itemListElement\":[{\"@type\":\"ListItem\",\"position\":1,\"name\":\"Home\",\"item\":\"https:\/\/stadtwerkezeitung.info\/schwedt\/\"},{\"@type\":\"ListItem\",\"position\":2,\"name\":\"Tauschsalon \u2013 Nimm und gib, was du liebst\"}]},{\"@type\":\"WebSite\",\"@id\":\"https:\/\/stadtwerkezeitung.info\/schwedt\/#website\",\"url\":\"https:\/\/stadtwerkezeitung.info\/schwedt\/\",\"name\":\"UMschau Schwedt\",\"description\":\"\",\"inLanguage\":\"en-US\"},{\"@type\":\"Person\",\"@id\":\"https:\/\/stadtwerkezeitung.info\/schwedt\/#\/schema\/person\/acd409dca37d4bb8bf3a1284da7f1ee0\",\"name\":\"admin\",\"image\":{\"@type\":\"ImageObject\",\"inLanguage\":\"en-US\",\"@id\":\"https:\/\/stadtwerkezeitung.info\/schwedt\/#\/schema\/person\/image\/\",\"url\":\"https:\/\/secure.gravatar.com\/avatar\/52dc0b3340c8087a51f52eaa20dc62cd4a6fe41f5bd886140989db7b572c00cd?s=96&d=mm&r=g\",\"contentUrl\":\"https:\/\/secure.gravatar.com\/avatar\/52dc0b3340c8087a51f52eaa20dc62cd4a6fe41f5bd886140989db7b572c00cd?s=96&d=mm&r=g\",\"caption\":\"admin\"},\"sameAs\":[\"https:\/\/stadtwerkezeitung.info\"]}]}<\/script>\n<!-- \/ Yoast SEO plugin. -->","yoast_head_json":{"title":"Tauschsalon \u2013 Nimm und gib, was du liebst - UMschau Schwedt","description":"Zur Brandenburgischen Frauenwoche zeigt die Trickfabrik, wie sch\u00f6n nachhaltige Mode sein kann.","robots":{"index":"index","follow":"follow","max-snippet":"max-snippet:-1","max-image-preview":"max-image-preview:large","max-video-preview":"max-video-preview:-1"},"canonical":"https:\/\/stadtwerkezeitung.info\/schwedt\/2026\/02\/19\/tauschsalon-nimm-und-gib-was-du-liebst\/","og_locale":"en_US","og_type":"article","og_title":"Tauschsalon \u2013 Nimm und gib, was du liebst - UMschau Schwedt","og_description":"Zur Brandenburgischen Frauenwoche zeigt die Trickfabrik, wie sch\u00f6n nachhaltige Mode sein kann.","og_url":"https:\/\/stadtwerkezeitung.info\/schwedt\/2026\/02\/19\/tauschsalon-nimm-und-gib-was-du-liebst\/","og_site_name":"UMschau Schwedt","article_published_time":"2026-02-19T11:43:09+00:00","article_modified_time":"2026-02-19T11:58:16+00:00","og_image":[{"width":1810,"height":2560,"url":"https:\/\/stadtwerkezeitung.info\/schwedt\/wp-content\/uploads\/sites\/5\/2026\/02\/206_Teaser_Bild__Westwood__Plakat__001-scaled.jpg","type":"image\/jpeg"}],"author":"admin","twitter_card":"summary_large_image","twitter_misc":{"Written by":"admin","Est. reading time":"2 minutes"},"schema":{"@context":"https:\/\/schema.org","@graph":[{"@type":"Article","@id":"https:\/\/stadtwerkezeitung.info\/schwedt\/2026\/02\/19\/tauschsalon-nimm-und-gib-was-du-liebst\/#article","isPartOf":{"@id":"https:\/\/stadtwerkezeitung.info\/schwedt\/2026\/02\/19\/tauschsalon-nimm-und-gib-was-du-liebst\/"},"author":{"name":"admin","@id":"https:\/\/stadtwerkezeitung.info\/schwedt\/#\/schema\/person\/acd409dca37d4bb8bf3a1284da7f1ee0"},"headline":"Tauschsalon \u2013 Nimm und gib, was du liebst","datePublished":"2026-02-19T11:43:09+00:00","dateModified":"2026-02-19T11:58:16+00:00","mainEntityOfPage":{"@id":"https:\/\/stadtwerkezeitung.info\/schwedt\/2026\/02\/19\/tauschsalon-nimm-und-gib-was-du-liebst\/"},"wordCount":205,"commentCount":0,"image":{"@id":"https:\/\/stadtwerkezeitung.info\/schwedt\/2026\/02\/19\/tauschsalon-nimm-und-gib-was-du-liebst\/#primaryimage"},"thumbnailUrl":"https:\/\/stadtwerkezeitung.info\/schwedt\/wp-content\/uploads\/sites\/5\/2026\/02\/206_Teaser_Bild__Westwood__Plakat__001-scaled.jpg","inLanguage":"en-US","potentialAction":[{"@type":"CommentAction","name":"Comment","target":["https:\/\/stadtwerkezeitung.info\/schwedt\/2026\/02\/19\/tauschsalon-nimm-und-gib-was-du-liebst\/#respond"]}]},{"@type":"WebPage","@id":"https:\/\/stadtwerkezeitung.info\/schwedt\/2026\/02\/19\/tauschsalon-nimm-und-gib-was-du-liebst\/","url":"https:\/\/stadtwerkezeitung.info\/schwedt\/2026\/02\/19\/tauschsalon-nimm-und-gib-was-du-liebst\/","name":"Tauschsalon \u2013 Nimm und gib, was du liebst - UMschau Schwedt","isPartOf":{"@id":"https:\/\/stadtwerkezeitung.info\/schwedt\/#website"},"primaryImageOfPage":{"@id":"https:\/\/stadtwerkezeitung.info\/schwedt\/2026\/02\/19\/tauschsalon-nimm-und-gib-was-du-liebst\/#primaryimage"},"image":{"@id":"https:\/\/stadtwerkezeitung.info\/schwedt\/2026\/02\/19\/tauschsalon-nimm-und-gib-was-du-liebst\/#primaryimage"},"thumbnailUrl":"https:\/\/stadtwerkezeitung.info\/schwedt\/wp-content\/uploads\/sites\/5\/2026\/02\/206_Teaser_Bild__Westwood__Plakat__001-scaled.jpg","datePublished":"2026-02-19T11:43:09+00:00","dateModified":"2026-02-19T11:58:16+00:00","author":{"@id":"https:\/\/stadtwerkezeitung.info\/schwedt\/#\/schema\/person\/acd409dca37d4bb8bf3a1284da7f1ee0"},"description":"Zur Brandenburgischen Frauenwoche zeigt die Trickfabrik, wie sch\u00f6n nachhaltige Mode sein kann.","breadcrumb":{"@id":"https:\/\/stadtwerkezeitung.info\/schwedt\/2026\/02\/19\/tauschsalon-nimm-und-gib-was-du-liebst\/#breadcrumb"},"inLanguage":"en-US","potentialAction":[{"@type":"ReadAction","target":["https:\/\/stadtwerkezeitung.info\/schwedt\/2026\/02\/19\/tauschsalon-nimm-und-gib-was-du-liebst\/"]}]},{"@type":"ImageObject","inLanguage":"en-US","@id":"https:\/\/stadtwerkezeitung.info\/schwedt\/2026\/02\/19\/tauschsalon-nimm-und-gib-was-du-liebst\/#primaryimage","url":"https:\/\/stadtwerkezeitung.info\/schwedt\/wp-content\/uploads\/sites\/5\/2026\/02\/206_Teaser_Bild__Westwood__Plakat__001-scaled.jpg","contentUrl":"https:\/\/stadtwerkezeitung.info\/schwedt\/wp-content\/uploads\/sites\/5\/2026\/02\/206_Teaser_Bild__Westwood__Plakat__001-scaled.jpg","width":1810,"height":2560},{"@type":"BreadcrumbList","@id":"https:\/\/stadtwerkezeitung.info\/schwedt\/2026\/02\/19\/tauschsalon-nimm-und-gib-was-du-liebst\/#breadcrumb","itemListElement":[{"@type":"ListItem","position":1,"name":"Home","item":"https:\/\/stadtwerkezeitung.info\/schwedt\/"},{"@type":"ListItem","position":2,"name":"Tauschsalon \u2013 Nimm und gib, was du liebst"}]},{"@type":"WebSite","@id":"https:\/\/stadtwerkezeitung.info\/schwedt\/#website","url":"https:\/\/stadtwerkezeitung.info\/schwedt\/","name":"UMschau Schwedt","description":"","inLanguage":"en-US"},{"@type":"Person","@id":"https:\/\/stadtwerkezeitung.info\/schwedt\/#\/schema\/person\/acd409dca37d4bb8bf3a1284da7f1ee0","name":"admin","image":{"@type":"ImageObject","inLanguage":"en-US","@id":"https:\/\/stadtwerkezeitung.info\/schwedt\/#\/schema\/person\/image\/","url":"https:\/\/secure.gravatar.com\/avatar\/52dc0b3340c8087a51f52eaa20dc62cd4a6fe41f5bd886140989db7b572c00cd?s=96&d=mm&r=g","contentUrl":"https:\/\/secure.gravatar.com\/avatar\/52dc0b3340c8087a51f52eaa20dc62cd4a6fe41f5bd886140989db7b572c00cd?s=96&d=mm&r=g","caption":"admin"},"sameAs":["https:\/\/stadtwerkezeitung.info"]}]}},"_links":{"self":[{"href":"https:\/\/stadtwerkezeitung.info\/schwedt\/wp-json\/wp\/v2\/posts\/608","targetHints":{"allow":["GET"]}}],"collection":[{"href":"https:\/\/stadtwerkezeitung.info\/schwedt\/wp-json\/wp\/v2\/posts"}],"about":[{"href":"https:\/\/stadtwerkezeitung.info\/schwedt\/wp-json\/wp\/v2\/types\/post"}],"author":[{"embeddable":true,"href":"https:\/\/stadtwerkezeitung.info\/schwedt\/wp-json\/wp\/v2\/users\/1"}],"replies":[{"embeddable":true,"href":"https:\/\/stadtwerkezeitung.info\/schwedt\/wp-json\/wp\/v2\/comments?post=608"}],"version-history":[{"count":5,"href":"https:\/\/stadtwerkezeitung.info\/schwedt\/wp-json\/wp\/v2\/posts\/608\/revisions"}],"predecessor-version":[{"id":629,"href":"https:\/\/stadtwerkezeitung.info\/schwedt\/wp-json\/wp\/v2\/posts\/608\/revisions\/629"}],"wp:featuredmedia":[{"embeddable":true,"href":"https:\/\/stadtwerkezeitung.info\/schwedt\/wp-json\/wp\/v2\/media\/610"}],"wp:attachment":[{"href":"https:\/\/stadtwerkezeitung.info\/schwedt\/wp-json\/wp\/v2\/media?parent=608"}],"wp:term":[{"taxonomy":"category","embeddable":true,"href":"https:\/\/stadtwerkezeitung.info\/schwedt\/wp-json\/wp\/v2\/categories?post=608"},{"taxonomy":"post_tag","embeddable":true,"href":"https:\/\/stadtwerkezeitung.info\/schwedt\/wp-json\/wp\/v2\/tags?post=608"}],"curies":[{"name":"wp","href":"https:\/\/api.w.org\/{rel}","templated":true}]}}