{"id":617,"date":"2026-02-19T11:50:29","date_gmt":"2026-02-19T11:50:29","guid":{"rendered":"https:\/\/stadtwerkezeitung.info\/schwedt\/?p=617"},"modified":"2026-02-19T11:51:10","modified_gmt":"2026-02-19T11:51:10","slug":"nationalpark-ecke-februar-2026","status":"publish","type":"post","link":"https:\/\/stadtwerkezeitung.info\/schwedt\/2026\/02\/19\/nationalpark-ecke-februar-2026\/","title":{"rendered":"Nationalpark-Ecke Februar 2026"},"content":{"rendered":"<p><img decoding=\"async\" src=\"\/schwedt\/wp-content\/uploads\/sites\/5\/2025\/07\/108_Teaser_S.-4_5-NEU-Julia-KuwaldNationalpark-Ecke.jpg\" alt=\"\"><\/p>\n<div>\n<p><em>Julia Kuwald, Mitarbeiterin StroamCamp und Unterst\u00fctzerin des F\u00f6rdervereins Nationalpark Unteres Odertal e. V. <br \/><small> Foto: SWS<br \/><\/small><\/em><\/p>\n<\/div>\n<h1>Nationalpark-Ecke<br \/>\n<\/h1>\n<h2>Liebe Freunde des Nationalparks,<\/h2>\n<div>\n<p>sobald es w\u00e4rmer wird, erwachen sie wieder: die Fr\u00fchbl\u00fcher! Besonders beliebt sind neben bunten Blumen die Weidenk\u00e4tzchen. Flauschig und zart k\u00fcnden sie den Lenz an \u2013 und auch K\u00f6rbe aus deren Zweigen sind dann wieder beliebt.<\/p>\n<p>Daf\u00fcr werden die einj\u00e4hrigen Ruten im Januar und Februar vor dem Neuaustrieb geerntet, sortiert und Monate lang an einem luftigen Ort getrocknet. Zum Flechten werden die Zweige in Wasser eingeweicht, damit sie geschmeidig sind. Je nach Weidenart und Bodenfarbe ergeben sich unterschiedliche Rindent\u00f6ne, die auch zum textilen F\u00e4rben verwendet werden. Durch kurzes Kochen entsteht ein r\u00f6tlicher bis brauner Farbton.<\/p>\n<p>\u00dcbrigens: Die biegsamen und zugleich robusten Weidenzweige dienen nicht nur als Schmuck f\u00fcr Haus und Garten \u2013 seit jeher werden sie auch liebevoll f\u00fcr den Bau und die Auskleidung der Storchenhorste genutzt. Jedes Fr\u00fchjahr werden vom Storchenbeauftragten unserer Region u. a. mit der Unterst\u00fctzung des F\u00f6rdervereins Nationalpark Unteres Odertal alte, abgenutzte Horste wieder herrlich \u201ewohnlich\u201c gemacht, bevor die Adebare aus ihrem Winterquartier zur\u00fcckkehren. <\/p>\n<\/p>\n<p><em>Ihre Julia Kuwald<\/em><br \/><em>Mitarbeiterin StroamCamp und <\/em><br \/><em>Unterst\u00fctzerin des F\u00f6rdervereins <\/em><br \/><em>Nationalpark Unteres Odertal e.\u2009V.<\/em><\/p>\n<\/div>\n<p><!--more--><br \/>\n<!-- {\"type\":\"layout\",\"children\":[{\"type\":\"section\",\"props\":{\"image_position\":\"center-center\",\"padding_top\":\"none\",\"style\":\"default\",\"title_breakpoint\":\"xl\",\"title_position\":\"top-left\",\"title_rotation\":\"left\",\"vertical_align\":\"\",\"width\":\"small\"},\"children\":[{\"type\":\"row\",\"children\":[{\"type\":\"column\",\"props\":{\"image_position\":\"center-center\",\"position_sticky_breakpoint\":\"m\",\"width_medium\":\"1-2\"},\"children\":[{\"type\":\"image\",\"props\":{\"image\":\"wp-content\/uploads\/sites\/5\/2025\/07\/108_Teaser_S.-4_5-NEU-Julia-KuwaldNationalpark-Ecke.jpg\",\"image_svg_color\":\"emphasis\",\"margin_bottom\":\"default\",\"margin_top\":\"default\"}},{\"type\":\"text\",\"props\":{\"column_breakpoint\":\"m\",\"content\":\"\n\n<p><em>Julia Kuwald, Mitarbeiterin StroamCamp und Unterst\u00fctzerin des F\u00f6rdervereins Nationalpark Unteres Odertal e. V. <br \/><small> Foto: SWS<br \/><\/small><\/em><\/p>\n\n\",\"margin_bottom\":\"default\",\"margin_top\":\"default\"}}]},{\"type\":\"column\",\"props\":{\"image_position\":\"center-center\",\"position_sticky_breakpoint\":\"m\",\"width_medium\":\"1-2\"},\"children\":[{\"type\":\"headline\",\"props\":{\"content\":\"Nationalpark-Ecke\\n\",\"image_align\":\"left\",\"image_margin\":\"xsmall\",\"margin_bottom\":\"small\",\"margin_top\":\"small\",\"title_element\":\"h1\",\"title_style\":\"h2\"}},{\"type\":\"headline\",\"props\":{\"content\":\"Liebe Freunde des Nationalparks,\",\"image_align\":\"left\",\"image_margin\":\"xsmall\",\"margin_bottom\":\"small\",\"margin_top\":\"small\",\"title_element\":\"h2\",\"title_style\":\"text-lead\"}},{\"type\":\"text\",\"props\":{\"column_breakpoint\":\"m\",\"content\":\"\n\n<p>sobald es w\u00e4rmer wird, erwachen sie wieder: die Fr\u00fchbl\u00fcher! Besonders beliebt sind neben bunten Blumen die Weidenk\u00e4tzchen. Flauschig und zart k\u00fcnden sie den Lenz an \u2013 und auch K\u00f6rbe aus deren Zweigen sind dann wieder beliebt.<\/p>\n\n\\n\n\n<p>Daf\u00fcr werden die einj\u00e4hrigen Ruten im Januar und Februar vor dem Neuaustrieb geerntet, sortiert und Monate lang an einem luftigen Ort getrocknet. Zum Flechten werden die Zweige in Wasser eingeweicht, damit sie geschmeidig sind. Je nach Weidenart und Bodenfarbe ergeben sich unterschiedliche Rindent\u00f6ne, die auch zum textilen F\u00e4rben verwendet werden. Durch kurzes Kochen entsteht ein r\u00f6tlicher bis brauner Farbton.<\/p>\n\n\\n\n\n<p>\u00dcbrigens: Die biegsamen und zugleich robusten Weidenzweige dienen nicht nur als Schmuck f\u00fcr Haus und Garten \u2013 seit jeher werden sie auch liebevoll f\u00fcr den Bau und die Auskleidung der Storchenhorste genutzt. Jedes Fr\u00fchjahr werden vom Storchenbeauftragten unserer Region u. a. mit der Unterst\u00fctzung des F\u00f6rdervereins Nationalpark Unteres Odertal alte, abgenutzte Horste wieder herrlich \u201ewohnlich\u201c gemacht, bevor die Adebare aus ihrem Winterquartier zur\u00fcckkehren. <\/p>\n\n\\n\n\n\n\n\\n\n\n<p>\n\n<em>Ihre Julia Kuwald<\/em><br \/><em>Mitarbeiterin StroamCamp und <\/em><br \/><em>Unterst\u00fctzerin des F\u00f6rdervereins <\/em><br \/><em>Nationalpark Unteres Odertal e.\u2009V.<\/em><\/p>\n\n\",\"margin_bottom\":\"default\",\"margin_top\":\"default\"}}]}],\"props\":{\"divider\":true,\"layout\":\"1-2,1-2\"}}],\"name\":\"Artikel Format\"}],\"version\":\"5.0.12\"} --><\/p>\n","protected":false},"excerpt":{"rendered":"<p>Julia Kuwald, Mitarbeiterin StroamCamp und Unterst\u00fctzerin des F\u00f6rdervereins Nationalpark Unteres Odertal e. V. Foto: SWS Nationalpark-Ecke Liebe Freunde des Nationalparks, sobald es w\u00e4rmer wird, erwachen sie wieder: die Fr\u00fchbl\u00fcher! Besonders beliebt sind neben bunten Blumen die Weidenk\u00e4tzchen. Flauschig und zart k\u00fcnden sie den Lenz an \u2013 und auch K\u00f6rbe aus deren Zweigen sind dann wieder [&hellip;]<\/p>\n","protected":false},"author":1,"featured_media":0,"comment_status":"open","ping_status":"open","sticky":false,"template":"","format":"standard","meta":{"footnotes":""},"categories":[1],"tags":[],"class_list":["post-617","post","type-post","status-publish","format-standard","hentry","category-uncategorized"],"yoast_head":"<!-- This site is optimized with the Yoast SEO plugin v26.9 - https:\/\/yoast.com\/product\/yoast-seo-wordpress\/ -->\n<title>Nationalpark-Ecke Februar 2026 - UMschau Schwedt<\/title>\n<meta name=\"description\" content=\"Liebe Freunde des Nationalparks, sobald es w\u00e4rmer wird, erwachen sie wieder: die Fr\u00fchbl\u00fcher! Besonders beliebt sind neben bunten Blumen die Weidenk\u00e4tzchen.\" \/>\n<meta name=\"robots\" content=\"index, follow, max-snippet:-1, max-image-preview:large, max-video-preview:-1\" \/>\n<link rel=\"canonical\" href=\"https:\/\/stadtwerkezeitung.info\/schwedt\/2026\/02\/19\/nationalpark-ecke-februar-2026\/\" \/>\n<meta property=\"og:locale\" content=\"en_US\" \/>\n<meta property=\"og:type\" content=\"article\" \/>\n<meta property=\"og:title\" content=\"Nationalpark-Ecke Februar 2026 - UMschau Schwedt\" \/>\n<meta property=\"og:description\" content=\"Liebe Freunde des Nationalparks, sobald es w\u00e4rmer wird, erwachen sie wieder: die Fr\u00fchbl\u00fcher! Besonders beliebt sind neben bunten Blumen die Weidenk\u00e4tzchen.\" \/>\n<meta property=\"og:url\" content=\"https:\/\/stadtwerkezeitung.info\/schwedt\/2026\/02\/19\/nationalpark-ecke-februar-2026\/\" \/>\n<meta property=\"og:site_name\" content=\"UMschau Schwedt\" \/>\n<meta property=\"article:published_time\" content=\"2026-02-19T11:50:29+00:00\" \/>\n<meta property=\"article:modified_time\" content=\"2026-02-19T11:51:10+00:00\" \/>\n<meta name=\"author\" content=\"admin\" \/>\n<meta name=\"twitter:card\" content=\"summary_large_image\" \/>\n<meta name=\"twitter:label1\" content=\"Written by\" \/>\n\t<meta name=\"twitter:data1\" content=\"admin\" \/>\n\t<meta name=\"twitter:label2\" content=\"Est. reading time\" \/>\n\t<meta name=\"twitter:data2\" content=\"1 minute\" \/>\n<script type=\"application\/ld+json\" class=\"yoast-schema-graph\">{\"@context\":\"https:\/\/schema.org\",\"@graph\":[{\"@type\":\"Article\",\"@id\":\"https:\/\/stadtwerkezeitung.info\/schwedt\/2026\/02\/19\/nationalpark-ecke-februar-2026\/#article\",\"isPartOf\":{\"@id\":\"https:\/\/stadtwerkezeitung.info\/schwedt\/2026\/02\/19\/nationalpark-ecke-februar-2026\/\"},\"author\":{\"name\":\"admin\",\"@id\":\"https:\/\/stadtwerkezeitung.info\/schwedt\/#\/schema\/person\/acd409dca37d4bb8bf3a1284da7f1ee0\"},\"headline\":\"Nationalpark-Ecke Februar 2026\",\"datePublished\":\"2026-02-19T11:50:29+00:00\",\"dateModified\":\"2026-02-19T11:51:10+00:00\",\"mainEntityOfPage\":{\"@id\":\"https:\/\/stadtwerkezeitung.info\/schwedt\/2026\/02\/19\/nationalpark-ecke-februar-2026\/\"},\"wordCount\":213,\"commentCount\":0,\"inLanguage\":\"en-US\",\"potentialAction\":[{\"@type\":\"CommentAction\",\"name\":\"Comment\",\"target\":[\"https:\/\/stadtwerkezeitung.info\/schwedt\/2026\/02\/19\/nationalpark-ecke-februar-2026\/#respond\"]}]},{\"@type\":\"WebPage\",\"@id\":\"https:\/\/stadtwerkezeitung.info\/schwedt\/2026\/02\/19\/nationalpark-ecke-februar-2026\/\",\"url\":\"https:\/\/stadtwerkezeitung.info\/schwedt\/2026\/02\/19\/nationalpark-ecke-februar-2026\/\",\"name\":\"Nationalpark-Ecke Februar 2026 - UMschau Schwedt\",\"isPartOf\":{\"@id\":\"https:\/\/stadtwerkezeitung.info\/schwedt\/#website\"},\"datePublished\":\"2026-02-19T11:50:29+00:00\",\"dateModified\":\"2026-02-19T11:51:10+00:00\",\"author\":{\"@id\":\"https:\/\/stadtwerkezeitung.info\/schwedt\/#\/schema\/person\/acd409dca37d4bb8bf3a1284da7f1ee0\"},\"description\":\"Liebe Freunde des Nationalparks, sobald es w\u00e4rmer wird, erwachen sie wieder: die Fr\u00fchbl\u00fcher! Besonders beliebt sind neben bunten Blumen die Weidenk\u00e4tzchen.\",\"breadcrumb\":{\"@id\":\"https:\/\/stadtwerkezeitung.info\/schwedt\/2026\/02\/19\/nationalpark-ecke-februar-2026\/#breadcrumb\"},\"inLanguage\":\"en-US\",\"potentialAction\":[{\"@type\":\"ReadAction\",\"target\":[\"https:\/\/stadtwerkezeitung.info\/schwedt\/2026\/02\/19\/nationalpark-ecke-februar-2026\/\"]}]},{\"@type\":\"BreadcrumbList\",\"@id\":\"https:\/\/stadtwerkezeitung.info\/schwedt\/2026\/02\/19\/nationalpark-ecke-februar-2026\/#breadcrumb\",\"itemListElement\":[{\"@type\":\"ListItem\",\"position\":1,\"name\":\"Home\",\"item\":\"https:\/\/stadtwerkezeitung.info\/schwedt\/\"},{\"@type\":\"ListItem\",\"position\":2,\"name\":\"Nationalpark-Ecke Februar 2026\"}]},{\"@type\":\"WebSite\",\"@id\":\"https:\/\/stadtwerkezeitung.info\/schwedt\/#website\",\"url\":\"https:\/\/stadtwerkezeitung.info\/schwedt\/\",\"name\":\"UMschau Schwedt\",\"description\":\"\",\"inLanguage\":\"en-US\"},{\"@type\":\"Person\",\"@id\":\"https:\/\/stadtwerkezeitung.info\/schwedt\/#\/schema\/person\/acd409dca37d4bb8bf3a1284da7f1ee0\",\"name\":\"admin\",\"image\":{\"@type\":\"ImageObject\",\"inLanguage\":\"en-US\",\"@id\":\"https:\/\/stadtwerkezeitung.info\/schwedt\/#\/schema\/person\/image\/\",\"url\":\"https:\/\/secure.gravatar.com\/avatar\/52dc0b3340c8087a51f52eaa20dc62cd4a6fe41f5bd886140989db7b572c00cd?s=96&d=mm&r=g\",\"contentUrl\":\"https:\/\/secure.gravatar.com\/avatar\/52dc0b3340c8087a51f52eaa20dc62cd4a6fe41f5bd886140989db7b572c00cd?s=96&d=mm&r=g\",\"caption\":\"admin\"},\"sameAs\":[\"https:\/\/stadtwerkezeitung.info\"]}]}<\/script>\n<!-- \/ Yoast SEO plugin. -->","yoast_head_json":{"title":"Nationalpark-Ecke Februar 2026 - UMschau Schwedt","description":"Liebe Freunde des Nationalparks, sobald es w\u00e4rmer wird, erwachen sie wieder: die Fr\u00fchbl\u00fcher! Besonders beliebt sind neben bunten Blumen die Weidenk\u00e4tzchen.","robots":{"index":"index","follow":"follow","max-snippet":"max-snippet:-1","max-image-preview":"max-image-preview:large","max-video-preview":"max-video-preview:-1"},"canonical":"https:\/\/stadtwerkezeitung.info\/schwedt\/2026\/02\/19\/nationalpark-ecke-februar-2026\/","og_locale":"en_US","og_type":"article","og_title":"Nationalpark-Ecke Februar 2026 - UMschau Schwedt","og_description":"Liebe Freunde des Nationalparks, sobald es w\u00e4rmer wird, erwachen sie wieder: die Fr\u00fchbl\u00fcher! Besonders beliebt sind neben bunten Blumen die Weidenk\u00e4tzchen.","og_url":"https:\/\/stadtwerkezeitung.info\/schwedt\/2026\/02\/19\/nationalpark-ecke-februar-2026\/","og_site_name":"UMschau Schwedt","article_published_time":"2026-02-19T11:50:29+00:00","article_modified_time":"2026-02-19T11:51:10+00:00","author":"admin","twitter_card":"summary_large_image","twitter_misc":{"Written by":"admin","Est. reading time":"1 minute"},"schema":{"@context":"https:\/\/schema.org","@graph":[{"@type":"Article","@id":"https:\/\/stadtwerkezeitung.info\/schwedt\/2026\/02\/19\/nationalpark-ecke-februar-2026\/#article","isPartOf":{"@id":"https:\/\/stadtwerkezeitung.info\/schwedt\/2026\/02\/19\/nationalpark-ecke-februar-2026\/"},"author":{"name":"admin","@id":"https:\/\/stadtwerkezeitung.info\/schwedt\/#\/schema\/person\/acd409dca37d4bb8bf3a1284da7f1ee0"},"headline":"Nationalpark-Ecke Februar 2026","datePublished":"2026-02-19T11:50:29+00:00","dateModified":"2026-02-19T11:51:10+00:00","mainEntityOfPage":{"@id":"https:\/\/stadtwerkezeitung.info\/schwedt\/2026\/02\/19\/nationalpark-ecke-februar-2026\/"},"wordCount":213,"commentCount":0,"inLanguage":"en-US","potentialAction":[{"@type":"CommentAction","name":"Comment","target":["https:\/\/stadtwerkezeitung.info\/schwedt\/2026\/02\/19\/nationalpark-ecke-februar-2026\/#respond"]}]},{"@type":"WebPage","@id":"https:\/\/stadtwerkezeitung.info\/schwedt\/2026\/02\/19\/nationalpark-ecke-februar-2026\/","url":"https:\/\/stadtwerkezeitung.info\/schwedt\/2026\/02\/19\/nationalpark-ecke-februar-2026\/","name":"Nationalpark-Ecke Februar 2026 - UMschau Schwedt","isPartOf":{"@id":"https:\/\/stadtwerkezeitung.info\/schwedt\/#website"},"datePublished":"2026-02-19T11:50:29+00:00","dateModified":"2026-02-19T11:51:10+00:00","author":{"@id":"https:\/\/stadtwerkezeitung.info\/schwedt\/#\/schema\/person\/acd409dca37d4bb8bf3a1284da7f1ee0"},"description":"Liebe Freunde des Nationalparks, sobald es w\u00e4rmer wird, erwachen sie wieder: die Fr\u00fchbl\u00fcher! Besonders beliebt sind neben bunten Blumen die Weidenk\u00e4tzchen.","breadcrumb":{"@id":"https:\/\/stadtwerkezeitung.info\/schwedt\/2026\/02\/19\/nationalpark-ecke-februar-2026\/#breadcrumb"},"inLanguage":"en-US","potentialAction":[{"@type":"ReadAction","target":["https:\/\/stadtwerkezeitung.info\/schwedt\/2026\/02\/19\/nationalpark-ecke-februar-2026\/"]}]},{"@type":"BreadcrumbList","@id":"https:\/\/stadtwerkezeitung.info\/schwedt\/2026\/02\/19\/nationalpark-ecke-februar-2026\/#breadcrumb","itemListElement":[{"@type":"ListItem","position":1,"name":"Home","item":"https:\/\/stadtwerkezeitung.info\/schwedt\/"},{"@type":"ListItem","position":2,"name":"Nationalpark-Ecke Februar 2026"}]},{"@type":"WebSite","@id":"https:\/\/stadtwerkezeitung.info\/schwedt\/#website","url":"https:\/\/stadtwerkezeitung.info\/schwedt\/","name":"UMschau Schwedt","description":"","inLanguage":"en-US"},{"@type":"Person","@id":"https:\/\/stadtwerkezeitung.info\/schwedt\/#\/schema\/person\/acd409dca37d4bb8bf3a1284da7f1ee0","name":"admin","image":{"@type":"ImageObject","inLanguage":"en-US","@id":"https:\/\/stadtwerkezeitung.info\/schwedt\/#\/schema\/person\/image\/","url":"https:\/\/secure.gravatar.com\/avatar\/52dc0b3340c8087a51f52eaa20dc62cd4a6fe41f5bd886140989db7b572c00cd?s=96&d=mm&r=g","contentUrl":"https:\/\/secure.gravatar.com\/avatar\/52dc0b3340c8087a51f52eaa20dc62cd4a6fe41f5bd886140989db7b572c00cd?s=96&d=mm&r=g","caption":"admin"},"sameAs":["https:\/\/stadtwerkezeitung.info"]}]}},"_links":{"self":[{"href":"https:\/\/stadtwerkezeitung.info\/schwedt\/wp-json\/wp\/v2\/posts\/617","targetHints":{"allow":["GET"]}}],"collection":[{"href":"https:\/\/stadtwerkezeitung.info\/schwedt\/wp-json\/wp\/v2\/posts"}],"about":[{"href":"https:\/\/stadtwerkezeitung.info\/schwedt\/wp-json\/wp\/v2\/types\/post"}],"author":[{"embeddable":true,"href":"https:\/\/stadtwerkezeitung.info\/schwedt\/wp-json\/wp\/v2\/users\/1"}],"replies":[{"embeddable":true,"href":"https:\/\/stadtwerkezeitung.info\/schwedt\/wp-json\/wp\/v2\/comments?post=617"}],"version-history":[{"count":2,"href":"https:\/\/stadtwerkezeitung.info\/schwedt\/wp-json\/wp\/v2\/posts\/617\/revisions"}],"predecessor-version":[{"id":619,"href":"https:\/\/stadtwerkezeitung.info\/schwedt\/wp-json\/wp\/v2\/posts\/617\/revisions\/619"}],"wp:attachment":[{"href":"https:\/\/stadtwerkezeitung.info\/schwedt\/wp-json\/wp\/v2\/media?parent=617"}],"wp:term":[{"taxonomy":"category","embeddable":true,"href":"https:\/\/stadtwerkezeitung.info\/schwedt\/wp-json\/wp\/v2\/categories?post=617"},{"taxonomy":"post_tag","embeddable":true,"href":"https:\/\/stadtwerkezeitung.info\/schwedt\/wp-json\/wp\/v2\/tags?post=617"}],"curies":[{"name":"wp","href":"https:\/\/api.w.org\/{rel}","templated":true}]}}