{"id":622,"date":"2026-02-19T11:53:14","date_gmt":"2026-02-19T11:53:14","guid":{"rendered":"https:\/\/stadtwerkezeitung.info\/schwedt\/?p=622"},"modified":"2026-02-19T14:31:29","modified_gmt":"2026-02-19T14:31:29","slug":"stadtwerke-foerdern-kreative-medienbildung","status":"publish","type":"post","link":"https:\/\/stadtwerkezeitung.info\/schwedt\/2026\/02\/19\/stadtwerke-foerdern-kreative-medienbildung\/","title":{"rendered":"Stadtwerke f\u00f6rdern kreative Medienbildung"},"content":{"rendered":"<h2>Projekt \u201eKinder machen Kurzfilm!\u201c<\/h2>\n<h1>Stadtwerke f\u00f6rdern kreative Medienbildung<\/h1>\n<h2>Seit 2012 bringt \u201eKinder machen Kurzfilm!\u201c die Magie des Filmemachens direkt zu Schwedter Grundsch\u00fclern. Ende Januar war wieder Premiere auf gro\u00dfer Kinoleinwand im FilmforUM. Mit dabei im gro\u00dfen Kinosaal: alle Mitwirkenden und jungen Filmschaffenden der Klasse 6a der Erich-K\u00e4stner-Grundschule.<\/h2>\n<p><img decoding=\"async\" src=\"\/schwedt\/wp-content\/uploads\/sites\/5\/2026\/02\/208_Teaser_Bild_IMG_6238-scaled.jpg\" alt=\"\"><\/p>\n<div>\n<p><em>Premiere des Schwedter Streifens aus dem Projekt \u201eKinder machen Kurzfilm!\u201c im FilmforUM.<\/p>\n<p><small> Foto: UV SWS\/ U. Beckmann<\/small><\/em><\/p>\n<\/div>\n<div>Zusammen mit den Filmprofis von bilderbewegen e.V. entwickelten die Sch\u00fcler im vergangenen Jahr nicht nur das Drehbuch, sondern standen selbst vor und hinter der Kamera, nahmen Ton auf, spielten Szenen, schnitten Material. In \u201eFreundinnen auf geheimer Mission \u2013 Die Krazy Kiste\u201c entdecken sechs M\u00e4dchen in ganz Schwedt eine merkw\u00fcrdig flackernde wei\u00dfe Box, die sie in eine Welt voller Zukunftstr\u00e4ume f\u00fchrt. <\/div>\n<p><a href=\"\/schwedt\/wp-content\/uploads\/sites\/5\/2026\/02\/208_Bild_3_Szene_KurzfilmFoto-14.01.26-1246415.jpg\"><img decoding=\"async\" src=\"\/schwedt\/wp-content\/uploads\/sites\/5\/2026\/02\/208_Bild_3_Szene_KurzfilmFoto-14.01.26-1246415.jpg\" alt=\"\"><\/a><\/p>\n<div>\n<p><em>Szene aus dem Kurzfilm der Schwedter Grundsch\u00fcler.<\/p>\n<p><small> Foto: bilderbewegen e.V.<\/small><\/em><\/p>\n<\/div>\n<div>Der Film erz\u00e4hlt von Freundschaft, Mut und der Kraft, sich die eigene Zukunft auszumalen. Unter dem Motto \u201eGlaube, Liebe, Hoffnung \u2013 Zeitzeug:innengeschichten\u201c treffen die Filmkinder auf Senioren und erfahren, wovon fr\u00fchere Generationen tr\u00e4umten.<br \/>\nDer Unternehmensverbund Stadtwerke Schwedt unterst\u00fctzt seit Beginn das einzigartige Projekt. \u201eEs zeigt jedes Jahr aufs Neue, wie viel Kreativit\u00e4t und Teamgeist in unseren Kindern steckt\u201c, so Jana J\u00e4hnke, Sprecherin des Unternehmensverbundes. \u201eWir freuen uns, jungen Menschen diesen Raum zur<br \/>\nEntfaltung \u00f6ffnen zu k\u00f6nnen.&#8221;\n<\/div>\n<p><a href=\"\/schwedt\/wp-content\/uploads\/sites\/5\/2026\/02\/208_Bild_2_Klappe_KurzfilmFoto-08.01.26-10-28-32-scaled.jpg\"><img decoding=\"async\" src=\"\/schwedt\/wp-content\/uploads\/sites\/5\/2026\/02\/208_Bild_2_Klappe_KurzfilmFoto-08.01.26-10-28-32-scaled.jpg\" alt=\"\"><\/a><\/p>\n<div>\n<p><em>\u201eKlappe\u201c zur Szene 2 an der merkw\u00fcrdig flackernden Box.<\/p>\n<p><small> Foto: bilderbewegen e.V.<\/small><\/em><\/p>\n<\/div>\n<div>\n<h3>Zum Kurzfilm \u201eKrazy Kiste\u201c<\/h3>\n<p><a href=\"https:\/\/www.youtube.com\/watch?v=-a-LowpJZ9g\"><\/a><\/p>\n<\/div>\n<p><!--more--><br \/>\n<!-- {\"type\":\"layout\",\"children\":[{\"type\":\"section\",\"props\":{\"image_position\":\"center-center\",\"padding_top\":\"none\",\"style\":\"default\",\"title_breakpoint\":\"xl\",\"title_position\":\"top-left\",\"title_rotation\":\"left\",\"vertical_align\":\"\",\"width\":\"small\"},\"children\":[{\"type\":\"row\",\"children\":[{\"type\":\"column\",\"props\":{\"image_position\":\"center-center\",\"position_sticky_breakpoint\":\"m\"},\"children\":[{\"type\":\"headline\",\"props\":{\"content\":\"Projekt \u201eKinder machen Kurzfilm!\u201c\",\"image_align\":\"left\",\"image_margin\":\"xsmall\",\"margin_bottom\":\"small\",\"margin_top\":\"small\",\"title_element\":\"h2\",\"title_style\":\"h6\"}},{\"type\":\"headline\",\"props\":{\"content\":\"Stadtwerke f\u00f6rdern kreative Medienbildung\",\"image_align\":\"left\",\"image_margin\":\"xsmall\",\"margin_bottom\":\"small\",\"margin_top\":\"small\",\"title_element\":\"h1\",\"title_style\":\"h2\"}},{\"type\":\"headline\",\"props\":{\"content\":\"Seit 2012 bringt \u201eKinder machen Kurzfilm!\u201c die Magie des Filmemachens direkt zu Schwedter Grundsch\u00fclern. Ende Januar war wieder Premiere auf gro\u00dfer Kinoleinwand im FilmforUM. Mit dabei im gro\u00dfen Kinosaal: alle Mitwirkenden und jungen Filmschaffenden der Klasse 6a der Erich-K\u00e4stner-Grundschule.\",\"image_align\":\"left\",\"image_margin\":\"xsmall\",\"margin_bottom\":\"small\",\"margin_top\":\"small\",\"title_element\":\"h2\",\"title_style\":\"text-lead\"}},{\"type\":\"image\",\"props\":{\"image\":\"wp-content\/uploads\/sites\/5\/2026\/02\/208_Teaser_Bild_IMG_6238-scaled.jpg\",\"image_svg_color\":\"emphasis\",\"margin_bottom\":\"default\",\"margin_top\":\"default\"}},{\"type\":\"text\",\"props\":{\"column_breakpoint\":\"m\",\"content\":\"\n\n<p><em>Premiere des Schwedter Streifens aus dem Projekt \u201eKinder machen Kurzfilm!\u201c im FilmforUM.\\n\\n\\n\\n\\n\\n    \\n    <br \/><small> Foto: UV SWS\/ U. Beckmann<\/small><\/em><\/p>\n\n\",\"margin_bottom\":\"default\",\"margin_top\":\"default\"}}]}]},{\"type\":\"row\",\"children\":[{\"type\":\"column\",\"props\":{\"image_position\":\"center-center\",\"position_sticky_breakpoint\":\"m\",\"width_medium\":\"1-2\"},\"children\":[{\"type\":\"text\",\"props\":{\"column_breakpoint\":\"m\",\"content\":\"Zusammen mit den Filmprofis von bilderbewegen e.V. entwickelten die Sch\u00fcler im vergangenen Jahr nicht nur das Drehbuch, sondern standen selbst vor und hinter der Kamera, nahmen Ton auf, spielten Szenen, schnitten Material. In \u201eFreundinnen auf geheimer Mission \u2013 Die Krazy Kiste\u201c entdecken sechs M\u00e4dchen in ganz Schwedt eine merkw\u00fcrdig flackernde wei\u00dfe Box, die sie in eine Welt voller Zukunftstr\u00e4ume f\u00fchrt. \",\"margin_bottom\":\"default\",\"margin_top\":\"default\"}},{\"type\":\"image\",\"props\":{\"image\":\"wp-content\/uploads\/sites\/5\/2026\/02\/208_Bild_3_Szene_KurzfilmFoto-14.01.26-1246415.jpg\",\"image_svg_color\":\"emphasis\",\"lightbox\":true,\"link\":\"wp-content\/uploads\/sites\/5\/2026\/02\/208_Bild_3_Szene_KurzfilmFoto-14.01.26-1246415.jpg\",\"margin_bottom\":\"default\",\"margin_top\":\"default\"}},{\"type\":\"text\",\"props\":{\"column_breakpoint\":\"m\",\"content\":\"\n\n<p><em>Szene aus dem Kurzfilm der Schwedter Grundsch\u00fcler.\\n\\n\\n\\n\\n\\n\\n\\n    \\n    <br \/><small> Foto: bilderbewegen e.V.<\/small><\/em><\/p>\n\n\",\"margin_bottom\":\"default\",\"margin_top\":\"default\"}},{\"type\":\"text\",\"props\":{\"column_breakpoint\":\"m\",\"content\":\"Der Film erz\u00e4hlt von Freundschaft, Mut und der Kraft, sich die eigene Zukunft auszumalen. Unter dem Motto \u201eGlaube, Liebe, Hoffnung \u2013 Zeitzeug:innengeschichten\u201c treffen die Filmkinder auf Senioren und erfahren, wovon fr\u00fchere Generationen tr\u00e4umten.\\nDer Unternehmensverbund Stadtwerke Schwedt unterst\u00fctzt seit Beginn das einzigartige Projekt. \u201eEs zeigt jedes Jahr aufs Neue, wie viel Kreativit\u00e4t und Teamgeist in unseren Kindern steckt\u201c, so Jana J\u00e4hnke, Sprecherin des Unternehmensverbundes. \u201eWir freuen uns, jungen Menschen diesen Raum zur \\nEntfaltung \u00f6ffnen zu k\u00f6nnen.\\\" \\n\",\"margin_bottom\":\"default\",\"margin_top\":\"default\"}}]},{\"type\":\"column\",\"props\":{\"image_position\":\"center-center\",\"position_sticky_breakpoint\":\"m\",\"width_medium\":\"1-2\"},\"children\":[{\"type\":\"image\",\"props\":{\"image\":\"wp-content\/uploads\/sites\/5\/2026\/02\/208_Bild_2_Klappe_KurzfilmFoto-08.01.26-10-28-32-scaled.jpg\",\"image_svg_color\":\"emphasis\",\"lightbox\":true,\"link\":\"wp-content\/uploads\/sites\/5\/2026\/02\/208_Bild_2_Klappe_KurzfilmFoto-08.01.26-10-28-32-scaled.jpg\",\"margin_bottom\":\"default\",\"margin_top\":\"default\"}},{\"type\":\"text\",\"props\":{\"column_breakpoint\":\"m\",\"content\":\"\n\n<p><em>\u201eKlappe\u201c zur Szene 2 an der merkw\u00fcrdig flackernden Box.\\n\\n\\n\\n\\n\\n\\n\\n    \\n    <br \/><small> Foto: bilderbewegen e.V.<\/small><\/em><\/p>\n\n\",\"margin_bottom\":\"default\",\"margin_top\":\"default\"}}]}],\"props\":{\"divider\":true,\"layout\":\"1-2,1-2\"}},{\"type\":\"row\",\"children\":[{\"type\":\"column\",\"props\":{\"image_position\":\"center-center\",\"position_sticky_breakpoint\":\"m\"},\"children\":[{\"type\":\"panel\",\"props\":{\"content_column_breakpoint\":\"m\",\"icon\":\"video-camera\",\"image_align\":\"left\",\"image_grid_breakpoint\":\"m\",\"image_grid_width\":\"auto\",\"image_height\":50,\"image_svg_color\":\"secondary\",\"image_vertical_align\":true,\"image_width\":50,\"link\":\"https:\/\/www.youtube.com\/watch?v=-a-LowpJZ9g\",\"link_style\":\"default\",\"link_target\":true,\"link_text\":\"\",\"margin_bottom\":\"default\",\"margin_top\":\"default\",\"meta_align\":\"below-title\",\"meta_element\":\"div\",\"meta_style\":\"text-meta\",\"panel_link\":true,\"panel_link_hover\":true,\"panel_padding\":\"default\",\"panel_style\":\"card-secondary\",\"title\":\"Zum Kurzfilm \u201eKrazy Kiste\u201c\",\"title_align\":\"top\",\"title_element\":\"h3\",\"title_grid_breakpoint\":\"m\",\"title_grid_width\":\"1-2\",\"title_hover_style\":\"reset\",\"title_style\":\"h3\"}}]}]}],\"name\":\"Artikel Format\"}],\"version\":\"5.0.12\"} --><\/p>\n","protected":false},"excerpt":{"rendered":"<p>Projekt \u201eKinder machen Kurzfilm!\u201c Stadtwerke f\u00f6rdern kreative Medienbildung Seit 2012 bringt \u201eKinder machen Kurzfilm!\u201c die Magie des Filmemachens direkt zu Schwedter Grundsch\u00fclern. Ende Januar war wieder Premiere auf gro\u00dfer Kinoleinwand im FilmforUM. Mit dabei im gro\u00dfen Kinosaal: alle Mitwirkenden und jungen Filmschaffenden der Klasse 6a der Erich-K\u00e4stner-Grundschule. Premiere des Schwedter Streifens aus dem Projekt \u201eKinder [&hellip;]<\/p>\n","protected":false},"author":1,"featured_media":625,"comment_status":"open","ping_status":"open","sticky":false,"template":"","format":"standard","meta":{"footnotes":""},"categories":[1],"tags":[],"class_list":["post-622","post","type-post","status-publish","format-standard","has-post-thumbnail","hentry","category-uncategorized"],"yoast_head":"<!-- This site is optimized with the Yoast SEO plugin v26.9 - https:\/\/yoast.com\/product\/yoast-seo-wordpress\/ -->\n<title>Stadtwerke f\u00f6rdern kreative Medienbildung - UMschau Schwedt<\/title>\n<meta name=\"description\" content=\"Seit 2012 bringt \u201eKinder machen Kurzfilm!\u201c die Magie des Filmemachens direkt zu Schwedter Grundsch\u00fclern. Ende Januar war wieder Premiere auf gro\u00dfer Kinoleinwand im FilmforUM.\" \/>\n<meta name=\"robots\" content=\"index, follow, max-snippet:-1, max-image-preview:large, max-video-preview:-1\" \/>\n<link rel=\"canonical\" href=\"https:\/\/stadtwerkezeitung.info\/schwedt\/2026\/02\/19\/stadtwerke-foerdern-kreative-medienbildung\/\" \/>\n<meta property=\"og:locale\" content=\"en_US\" \/>\n<meta property=\"og:type\" content=\"article\" \/>\n<meta property=\"og:title\" content=\"Stadtwerke f\u00f6rdern kreative Medienbildung - UMschau Schwedt\" \/>\n<meta property=\"og:description\" content=\"Seit 2012 bringt \u201eKinder machen Kurzfilm!\u201c die Magie des Filmemachens direkt zu Schwedter Grundsch\u00fclern. Ende Januar war wieder Premiere auf gro\u00dfer Kinoleinwand im FilmforUM.\" \/>\n<meta property=\"og:url\" content=\"https:\/\/stadtwerkezeitung.info\/schwedt\/2026\/02\/19\/stadtwerke-foerdern-kreative-medienbildung\/\" \/>\n<meta property=\"og:site_name\" content=\"UMschau Schwedt\" \/>\n<meta property=\"article:published_time\" content=\"2026-02-19T11:53:14+00:00\" \/>\n<meta property=\"article:modified_time\" content=\"2026-02-19T14:31:29+00:00\" \/>\n<meta property=\"og:image\" content=\"https:\/\/stadtwerkezeitung.info\/schwedt\/wp-content\/uploads\/sites\/5\/2026\/02\/208_Teaser_Bild_IMG_6238-scaled.jpg\" \/>\n\t<meta property=\"og:image:width\" content=\"2560\" \/>\n\t<meta property=\"og:image:height\" content=\"1920\" \/>\n\t<meta property=\"og:image:type\" content=\"image\/jpeg\" \/>\n<meta name=\"author\" content=\"admin\" \/>\n<meta name=\"twitter:card\" content=\"summary_large_image\" \/>\n<meta name=\"twitter:label1\" content=\"Written by\" \/>\n\t<meta name=\"twitter:data1\" content=\"admin\" \/>\n\t<meta name=\"twitter:label2\" content=\"Est. reading time\" \/>\n\t<meta name=\"twitter:data2\" content=\"2 minutes\" \/>\n<script type=\"application\/ld+json\" class=\"yoast-schema-graph\">{\"@context\":\"https:\/\/schema.org\",\"@graph\":[{\"@type\":\"Article\",\"@id\":\"https:\/\/stadtwerkezeitung.info\/schwedt\/2026\/02\/19\/stadtwerke-foerdern-kreative-medienbildung\/#article\",\"isPartOf\":{\"@id\":\"https:\/\/stadtwerkezeitung.info\/schwedt\/2026\/02\/19\/stadtwerke-foerdern-kreative-medienbildung\/\"},\"author\":{\"name\":\"admin\",\"@id\":\"https:\/\/stadtwerkezeitung.info\/schwedt\/#\/schema\/person\/acd409dca37d4bb8bf3a1284da7f1ee0\"},\"headline\":\"Stadtwerke f\u00f6rdern kreative Medienbildung\",\"datePublished\":\"2026-02-19T11:53:14+00:00\",\"dateModified\":\"2026-02-19T14:31:29+00:00\",\"mainEntityOfPage\":{\"@id\":\"https:\/\/stadtwerkezeitung.info\/schwedt\/2026\/02\/19\/stadtwerke-foerdern-kreative-medienbildung\/\"},\"wordCount\":251,\"commentCount\":0,\"image\":{\"@id\":\"https:\/\/stadtwerkezeitung.info\/schwedt\/2026\/02\/19\/stadtwerke-foerdern-kreative-medienbildung\/#primaryimage\"},\"thumbnailUrl\":\"https:\/\/stadtwerkezeitung.info\/schwedt\/wp-content\/uploads\/sites\/5\/2026\/02\/208_Teaser_Bild_IMG_6238-scaled.jpg\",\"inLanguage\":\"en-US\",\"potentialAction\":[{\"@type\":\"CommentAction\",\"name\":\"Comment\",\"target\":[\"https:\/\/stadtwerkezeitung.info\/schwedt\/2026\/02\/19\/stadtwerke-foerdern-kreative-medienbildung\/#respond\"]}]},{\"@type\":\"WebPage\",\"@id\":\"https:\/\/stadtwerkezeitung.info\/schwedt\/2026\/02\/19\/stadtwerke-foerdern-kreative-medienbildung\/\",\"url\":\"https:\/\/stadtwerkezeitung.info\/schwedt\/2026\/02\/19\/stadtwerke-foerdern-kreative-medienbildung\/\",\"name\":\"Stadtwerke f\u00f6rdern kreative Medienbildung - UMschau Schwedt\",\"isPartOf\":{\"@id\":\"https:\/\/stadtwerkezeitung.info\/schwedt\/#website\"},\"primaryImageOfPage\":{\"@id\":\"https:\/\/stadtwerkezeitung.info\/schwedt\/2026\/02\/19\/stadtwerke-foerdern-kreative-medienbildung\/#primaryimage\"},\"image\":{\"@id\":\"https:\/\/stadtwerkezeitung.info\/schwedt\/2026\/02\/19\/stadtwerke-foerdern-kreative-medienbildung\/#primaryimage\"},\"thumbnailUrl\":\"https:\/\/stadtwerkezeitung.info\/schwedt\/wp-content\/uploads\/sites\/5\/2026\/02\/208_Teaser_Bild_IMG_6238-scaled.jpg\",\"datePublished\":\"2026-02-19T11:53:14+00:00\",\"dateModified\":\"2026-02-19T14:31:29+00:00\",\"author\":{\"@id\":\"https:\/\/stadtwerkezeitung.info\/schwedt\/#\/schema\/person\/acd409dca37d4bb8bf3a1284da7f1ee0\"},\"description\":\"Seit 2012 bringt \u201eKinder machen Kurzfilm!\u201c die Magie des Filmemachens direkt zu Schwedter Grundsch\u00fclern. Ende Januar war wieder Premiere auf gro\u00dfer Kinoleinwand im FilmforUM.\",\"breadcrumb\":{\"@id\":\"https:\/\/stadtwerkezeitung.info\/schwedt\/2026\/02\/19\/stadtwerke-foerdern-kreative-medienbildung\/#breadcrumb\"},\"inLanguage\":\"en-US\",\"potentialAction\":[{\"@type\":\"ReadAction\",\"target\":[\"https:\/\/stadtwerkezeitung.info\/schwedt\/2026\/02\/19\/stadtwerke-foerdern-kreative-medienbildung\/\"]}]},{\"@type\":\"ImageObject\",\"inLanguage\":\"en-US\",\"@id\":\"https:\/\/stadtwerkezeitung.info\/schwedt\/2026\/02\/19\/stadtwerke-foerdern-kreative-medienbildung\/#primaryimage\",\"url\":\"https:\/\/stadtwerkezeitung.info\/schwedt\/wp-content\/uploads\/sites\/5\/2026\/02\/208_Teaser_Bild_IMG_6238-scaled.jpg\",\"contentUrl\":\"https:\/\/stadtwerkezeitung.info\/schwedt\/wp-content\/uploads\/sites\/5\/2026\/02\/208_Teaser_Bild_IMG_6238-scaled.jpg\",\"width\":2560,\"height\":1920},{\"@type\":\"BreadcrumbList\",\"@id\":\"https:\/\/stadtwerkezeitung.info\/schwedt\/2026\/02\/19\/stadtwerke-foerdern-kreative-medienbildung\/#breadcrumb\",\"itemListElement\":[{\"@type\":\"ListItem\",\"position\":1,\"name\":\"Home\",\"item\":\"https:\/\/stadtwerkezeitung.info\/schwedt\/\"},{\"@type\":\"ListItem\",\"position\":2,\"name\":\"Stadtwerke f\u00f6rdern kreative Medienbildung\"}]},{\"@type\":\"WebSite\",\"@id\":\"https:\/\/stadtwerkezeitung.info\/schwedt\/#website\",\"url\":\"https:\/\/stadtwerkezeitung.info\/schwedt\/\",\"name\":\"UMschau Schwedt\",\"description\":\"\",\"inLanguage\":\"en-US\"},{\"@type\":\"Person\",\"@id\":\"https:\/\/stadtwerkezeitung.info\/schwedt\/#\/schema\/person\/acd409dca37d4bb8bf3a1284da7f1ee0\",\"name\":\"admin\",\"image\":{\"@type\":\"ImageObject\",\"inLanguage\":\"en-US\",\"@id\":\"https:\/\/stadtwerkezeitung.info\/schwedt\/#\/schema\/person\/image\/\",\"url\":\"https:\/\/secure.gravatar.com\/avatar\/52dc0b3340c8087a51f52eaa20dc62cd4a6fe41f5bd886140989db7b572c00cd?s=96&d=mm&r=g\",\"contentUrl\":\"https:\/\/secure.gravatar.com\/avatar\/52dc0b3340c8087a51f52eaa20dc62cd4a6fe41f5bd886140989db7b572c00cd?s=96&d=mm&r=g\",\"caption\":\"admin\"},\"sameAs\":[\"https:\/\/stadtwerkezeitung.info\"]}]}<\/script>\n<!-- \/ Yoast SEO plugin. -->","yoast_head_json":{"title":"Stadtwerke f\u00f6rdern kreative Medienbildung - UMschau Schwedt","description":"Seit 2012 bringt \u201eKinder machen Kurzfilm!\u201c die Magie des Filmemachens direkt zu Schwedter Grundsch\u00fclern. Ende Januar war wieder Premiere auf gro\u00dfer Kinoleinwand im FilmforUM.","robots":{"index":"index","follow":"follow","max-snippet":"max-snippet:-1","max-image-preview":"max-image-preview:large","max-video-preview":"max-video-preview:-1"},"canonical":"https:\/\/stadtwerkezeitung.info\/schwedt\/2026\/02\/19\/stadtwerke-foerdern-kreative-medienbildung\/","og_locale":"en_US","og_type":"article","og_title":"Stadtwerke f\u00f6rdern kreative Medienbildung - UMschau Schwedt","og_description":"Seit 2012 bringt \u201eKinder machen Kurzfilm!\u201c die Magie des Filmemachens direkt zu Schwedter Grundsch\u00fclern. Ende Januar war wieder Premiere auf gro\u00dfer Kinoleinwand im FilmforUM.","og_url":"https:\/\/stadtwerkezeitung.info\/schwedt\/2026\/02\/19\/stadtwerke-foerdern-kreative-medienbildung\/","og_site_name":"UMschau Schwedt","article_published_time":"2026-02-19T11:53:14+00:00","article_modified_time":"2026-02-19T14:31:29+00:00","og_image":[{"width":2560,"height":1920,"url":"https:\/\/stadtwerkezeitung.info\/schwedt\/wp-content\/uploads\/sites\/5\/2026\/02\/208_Teaser_Bild_IMG_6238-scaled.jpg","type":"image\/jpeg"}],"author":"admin","twitter_card":"summary_large_image","twitter_misc":{"Written by":"admin","Est. reading time":"2 minutes"},"schema":{"@context":"https:\/\/schema.org","@graph":[{"@type":"Article","@id":"https:\/\/stadtwerkezeitung.info\/schwedt\/2026\/02\/19\/stadtwerke-foerdern-kreative-medienbildung\/#article","isPartOf":{"@id":"https:\/\/stadtwerkezeitung.info\/schwedt\/2026\/02\/19\/stadtwerke-foerdern-kreative-medienbildung\/"},"author":{"name":"admin","@id":"https:\/\/stadtwerkezeitung.info\/schwedt\/#\/schema\/person\/acd409dca37d4bb8bf3a1284da7f1ee0"},"headline":"Stadtwerke f\u00f6rdern kreative Medienbildung","datePublished":"2026-02-19T11:53:14+00:00","dateModified":"2026-02-19T14:31:29+00:00","mainEntityOfPage":{"@id":"https:\/\/stadtwerkezeitung.info\/schwedt\/2026\/02\/19\/stadtwerke-foerdern-kreative-medienbildung\/"},"wordCount":251,"commentCount":0,"image":{"@id":"https:\/\/stadtwerkezeitung.info\/schwedt\/2026\/02\/19\/stadtwerke-foerdern-kreative-medienbildung\/#primaryimage"},"thumbnailUrl":"https:\/\/stadtwerkezeitung.info\/schwedt\/wp-content\/uploads\/sites\/5\/2026\/02\/208_Teaser_Bild_IMG_6238-scaled.jpg","inLanguage":"en-US","potentialAction":[{"@type":"CommentAction","name":"Comment","target":["https:\/\/stadtwerkezeitung.info\/schwedt\/2026\/02\/19\/stadtwerke-foerdern-kreative-medienbildung\/#respond"]}]},{"@type":"WebPage","@id":"https:\/\/stadtwerkezeitung.info\/schwedt\/2026\/02\/19\/stadtwerke-foerdern-kreative-medienbildung\/","url":"https:\/\/stadtwerkezeitung.info\/schwedt\/2026\/02\/19\/stadtwerke-foerdern-kreative-medienbildung\/","name":"Stadtwerke f\u00f6rdern kreative Medienbildung - UMschau Schwedt","isPartOf":{"@id":"https:\/\/stadtwerkezeitung.info\/schwedt\/#website"},"primaryImageOfPage":{"@id":"https:\/\/stadtwerkezeitung.info\/schwedt\/2026\/02\/19\/stadtwerke-foerdern-kreative-medienbildung\/#primaryimage"},"image":{"@id":"https:\/\/stadtwerkezeitung.info\/schwedt\/2026\/02\/19\/stadtwerke-foerdern-kreative-medienbildung\/#primaryimage"},"thumbnailUrl":"https:\/\/stadtwerkezeitung.info\/schwedt\/wp-content\/uploads\/sites\/5\/2026\/02\/208_Teaser_Bild_IMG_6238-scaled.jpg","datePublished":"2026-02-19T11:53:14+00:00","dateModified":"2026-02-19T14:31:29+00:00","author":{"@id":"https:\/\/stadtwerkezeitung.info\/schwedt\/#\/schema\/person\/acd409dca37d4bb8bf3a1284da7f1ee0"},"description":"Seit 2012 bringt \u201eKinder machen Kurzfilm!\u201c die Magie des Filmemachens direkt zu Schwedter Grundsch\u00fclern. Ende Januar war wieder Premiere auf gro\u00dfer Kinoleinwand im FilmforUM.","breadcrumb":{"@id":"https:\/\/stadtwerkezeitung.info\/schwedt\/2026\/02\/19\/stadtwerke-foerdern-kreative-medienbildung\/#breadcrumb"},"inLanguage":"en-US","potentialAction":[{"@type":"ReadAction","target":["https:\/\/stadtwerkezeitung.info\/schwedt\/2026\/02\/19\/stadtwerke-foerdern-kreative-medienbildung\/"]}]},{"@type":"ImageObject","inLanguage":"en-US","@id":"https:\/\/stadtwerkezeitung.info\/schwedt\/2026\/02\/19\/stadtwerke-foerdern-kreative-medienbildung\/#primaryimage","url":"https:\/\/stadtwerkezeitung.info\/schwedt\/wp-content\/uploads\/sites\/5\/2026\/02\/208_Teaser_Bild_IMG_6238-scaled.jpg","contentUrl":"https:\/\/stadtwerkezeitung.info\/schwedt\/wp-content\/uploads\/sites\/5\/2026\/02\/208_Teaser_Bild_IMG_6238-scaled.jpg","width":2560,"height":1920},{"@type":"BreadcrumbList","@id":"https:\/\/stadtwerkezeitung.info\/schwedt\/2026\/02\/19\/stadtwerke-foerdern-kreative-medienbildung\/#breadcrumb","itemListElement":[{"@type":"ListItem","position":1,"name":"Home","item":"https:\/\/stadtwerkezeitung.info\/schwedt\/"},{"@type":"ListItem","position":2,"name":"Stadtwerke f\u00f6rdern kreative Medienbildung"}]},{"@type":"WebSite","@id":"https:\/\/stadtwerkezeitung.info\/schwedt\/#website","url":"https:\/\/stadtwerkezeitung.info\/schwedt\/","name":"UMschau Schwedt","description":"","inLanguage":"en-US"},{"@type":"Person","@id":"https:\/\/stadtwerkezeitung.info\/schwedt\/#\/schema\/person\/acd409dca37d4bb8bf3a1284da7f1ee0","name":"admin","image":{"@type":"ImageObject","inLanguage":"en-US","@id":"https:\/\/stadtwerkezeitung.info\/schwedt\/#\/schema\/person\/image\/","url":"https:\/\/secure.gravatar.com\/avatar\/52dc0b3340c8087a51f52eaa20dc62cd4a6fe41f5bd886140989db7b572c00cd?s=96&d=mm&r=g","contentUrl":"https:\/\/secure.gravatar.com\/avatar\/52dc0b3340c8087a51f52eaa20dc62cd4a6fe41f5bd886140989db7b572c00cd?s=96&d=mm&r=g","caption":"admin"},"sameAs":["https:\/\/stadtwerkezeitung.info"]}]}},"_links":{"self":[{"href":"https:\/\/stadtwerkezeitung.info\/schwedt\/wp-json\/wp\/v2\/posts\/622","targetHints":{"allow":["GET"]}}],"collection":[{"href":"https:\/\/stadtwerkezeitung.info\/schwedt\/wp-json\/wp\/v2\/posts"}],"about":[{"href":"https:\/\/stadtwerkezeitung.info\/schwedt\/wp-json\/wp\/v2\/types\/post"}],"author":[{"embeddable":true,"href":"https:\/\/stadtwerkezeitung.info\/schwedt\/wp-json\/wp\/v2\/users\/1"}],"replies":[{"embeddable":true,"href":"https:\/\/stadtwerkezeitung.info\/schwedt\/wp-json\/wp\/v2\/comments?post=622"}],"version-history":[{"count":4,"href":"https:\/\/stadtwerkezeitung.info\/schwedt\/wp-json\/wp\/v2\/posts\/622\/revisions"}],"predecessor-version":[{"id":648,"href":"https:\/\/stadtwerkezeitung.info\/schwedt\/wp-json\/wp\/v2\/posts\/622\/revisions\/648"}],"wp:featuredmedia":[{"embeddable":true,"href":"https:\/\/stadtwerkezeitung.info\/schwedt\/wp-json\/wp\/v2\/media\/625"}],"wp:attachment":[{"href":"https:\/\/stadtwerkezeitung.info\/schwedt\/wp-json\/wp\/v2\/media?parent=622"}],"wp:term":[{"taxonomy":"category","embeddable":true,"href":"https:\/\/stadtwerkezeitung.info\/schwedt\/wp-json\/wp\/v2\/categories?post=622"},{"taxonomy":"post_tag","embeddable":true,"href":"https:\/\/stadtwerkezeitung.info\/schwedt\/wp-json\/wp\/v2\/tags?post=622"}],"curies":[{"name":"wp","href":"https:\/\/api.w.org\/{rel}","templated":true}]}}